{"id":2119,"date":"2022-04-23T20:47:55","date_gmt":"2022-04-23T19:47:55","guid":{"rendered":"https:\/\/www.svetianteknin.com\/?p=2119"},"modified":"2022-04-24T06:41:33","modified_gmt":"2022-04-24T05:41:33","slug":"zupne-obavijesti-2-uc-24-30-4-2022","status":"publish","type":"post","link":"https:\/\/www.svetianteknin.com\/?p=2119","title":{"rendered":"\u017dupne obavijesti, 2. UC (24. \u2013 30. 4. 2022.)"},"content":{"rendered":"<p><strong>Raspored svetih misa: 2. UC (24. \u2013 30. 4. 2022.)<\/strong><\/p>\n<table>\n<tbody>\n<tr>\n<td width=\"151\">Crkva<\/td>\n<td width=\"95\">Satnica<\/td>\n<td width=\"359\">Nakana<\/td>\n<\/tr>\n<tr>\n<td width=\"151\">Sveti Ante<\/td>\n<td width=\"95\">8<\/td>\n<td width=\"359\">+ Marija Bala\u017ei\u0107<\/td>\n<\/tr>\n<tr>\n<td width=\"151\">Gospa VHKZ<\/td>\n<td width=\"95\">9:30<\/td>\n<td width=\"359\">Pro populo<\/td>\n<\/tr>\n<tr>\n<td width=\"151\">\u00a0Gospa VHKZ<\/td>\n<td width=\"95\">11<\/td>\n<td width=\"359\">Na odluku<\/td>\n<\/tr>\n<tr>\n<td width=\"151\">Gospa VHKZ<\/td>\n<td width=\"95\">19<\/td>\n<td width=\"359\">+ \u017deljko i + ob. Vrebac<\/td>\n<\/tr>\n<\/tbody>\n<\/table>\n<p>&nbsp;<\/p>\n<table>\n<tbody>\n<tr>\n<td colspan=\"4\" width=\"624\">Ponedjeljak, 25. Travnja<\/td>\n<\/tr>\n<tr>\n<td width=\"53\">7<\/td>\n<td width=\"254\">Na odluku<\/td>\n<td width=\"55\">19<\/td>\n<td width=\"263\">+ Ivan i Iva Jerkovi\u0107<\/td>\n<\/tr>\n<tr>\n<td colspan=\"4\" width=\"624\">Utorak, 19. travnja: 7. ut.sv. Ante<\/td>\n<\/tr>\n<tr>\n<td width=\"53\">7<\/td>\n<td width=\"254\">+ Filip Juri\u0161i\u0107<\/td>\n<td width=\"55\">19<\/td>\n<td width=\"263\">+ Ana i Ivo<\/td>\n<\/tr>\n<tr>\n<td colspan=\"4\" width=\"624\">Srijeda, 27. Travnja<\/td>\n<\/tr>\n<tr>\n<td width=\"53\">7<\/td>\n<td width=\"254\">+ Ivo i Ana<\/td>\n<td width=\"55\">19<\/td>\n<td width=\"263\">+ Mirko i + ob. Tomi\u0107<\/td>\n<\/tr>\n<tr>\n<td colspan=\"4\" width=\"624\">\u010cetvrtak, 28. Travnja<\/td>\n<\/tr>\n<tr>\n<td width=\"53\">7<\/td>\n<td width=\"254\">+ Luca i + ob. Marjanovi\u0107<\/td>\n<td width=\"55\">19<\/td>\n<td width=\"263\">+ Milka i Stjepan<\/td>\n<\/tr>\n<tr>\n<td colspan=\"4\" width=\"624\">Petak, 29. travnja<\/td>\n<\/tr>\n<tr>\n<td width=\"53\">7<\/td>\n<td width=\"254\">+ Mara Ivanda<\/td>\n<td width=\"55\">19<\/td>\n<td width=\"263\">Du\u0161e u \u010distili\u0161tu<\/td>\n<\/tr>\n<tr>\n<td colspan=\"4\" width=\"624\">Subota, 30. travnja<\/td>\n<\/tr>\n<tr>\n<td width=\"53\">7<\/td>\n<td width=\"254\">+ Matija i Bosiljko<\/td>\n<td width=\"55\">19<\/td>\n<td width=\"263\">+ Vinka Mihaljevi\u0107<\/td>\n<\/tr>\n<\/tbody>\n<\/table>\n<p><strong>\u00a0<\/strong><strong>\u00a0\u00a0\u00a0\u00a0\u00a0\u00a0\u00a0\u00a0\u00a0\u00a0 <\/strong><\/p>\n<p><strong>Jutarnje mise u crkvi sv. Ante su ponovno u 7 sati<\/strong><\/p>\n<p><strong>Sedmi utorak sv. Ante<\/strong>: poslije ve\u010dernje mise je molitva pred kipom sv. Ante.<\/p>\n<p><strong>Vjeronauk za krizmanike: \u010detvrtak u 10 i 16 sati<\/strong><\/p>\n<p><strong>Vjeronauk i probe za prvopri\u010desnike:<\/strong> subota u 10 sati. Sastanak s roditeljima prvopri\u010desnika je u <strong>petak poslije ve\u010dernje mise<\/strong> u 19 sati. Prva pri\u010dest je u subotu, 7. svibnja u 10:30 sati.<\/p>\n<p><strong>Te\u010daj za brak:<\/strong> od 9. do 12. svibnja 2022. u 20 sati u dvorani samostana sv. Ante.<\/p>\n<p>U tijeku <strong>je izrada mozaika<\/strong> iza glavnog oltara u crkvi GVHKZ. Tema mozaika je Uskrsli Krist. Prema financijskim mogu\u0107nostima, mo\u017eete pripomo\u0107i izradu.<\/p>\n<p><strong>\u00a0<\/strong><\/p>\n<p><strong>\u00a0<\/strong><\/p>\n<p>&nbsp;<\/p>\n<p><strong>MOLITVA ZA PRESTANAK RATA U UKRAJINI I MIR U SVIJETU:<\/strong><\/p>\n<p><strong>Pod obranu se Tvoju utje\u010demo,<\/strong>\u00a0sveta Bogorodice. Ne odbij nam molbe u potrebama na\u0161im, nego nas od svih pogibli vazda oslobodi. Djevice slavna i blagoslovl jena, Gospo\u0111o na\u0161a, Posrednice na\u0161a, Zagovornice na\u0161a! Sa svojim nas Sinom pomiri, svojemu nas Sinu preporu\u010di, svojemu nas Sinu izru\u010di. Amen. <strong><em>3x Zdravo Marijo\u2026 <\/em>Kraljice mira, moli za nas!<\/strong><\/p>\n<p>&nbsp;<\/p>\n","protected":false},"excerpt":{"rendered":"<p>Raspored svetih misa: 2. UC (24. \u2013 30. 4. 2022.) Crkva Satnica Nakana Sveti Ante 8 + Marija Bala\u017ei\u0107 Gospa VHKZ 9:30 Pro populo \u00a0Gospa VHKZ 11 Na odluku Gospa VHKZ 19 + \u017deljko i + ob. Vrebac &nbsp; Ponedjeljak, 25. Travnja 7 Na odluku 19 + Ivan i Iva Jerkovi\u0107 Utorak, 19. travnja: 7. ut.sv. Ante 7 + Filip Juri\u0161i\u0107 19 + Ana i [&hellip;]<\/p>\n","protected":false},"author":2,"featured_media":2081,"comment_status":"closed","ping_status":"closed","sticky":false,"template":"","format":"standard","meta":{"fifu_image_url":"","fifu_image_alt":"","footnotes":""},"categories":[6],"tags":[],"class_list":["post-2119","post","type-post","status-publish","format-standard","has-post-thumbnail","hentry","category-zupne-obavijesti"],"_links":{"self":[{"href":"https:\/\/www.svetianteknin.com\/index.php?rest_route=\/wp\/v2\/posts\/2119","targetHints":{"allow":["GET"]}}],"collection":[{"href":"https:\/\/www.svetianteknin.com\/index.php?rest_route=\/wp\/v2\/posts"}],"about":[{"href":"https:\/\/www.svetianteknin.com\/index.php?rest_route=\/wp\/v2\/types\/post"}],"author":[{"embeddable":true,"href":"https:\/\/www.svetianteknin.com\/index.php?rest_route=\/wp\/v2\/users\/2"}],"replies":[{"embeddable":true,"href":"https:\/\/www.svetianteknin.com\/index.php?rest_route=%2Fwp%2Fv2%2Fcomments&post=2119"}],"version-history":[{"count":3,"href":"https:\/\/www.svetianteknin.com\/index.php?rest_route=\/wp\/v2\/posts\/2119\/revisions"}],"predecessor-version":[{"id":2122,"href":"https:\/\/www.svetianteknin.com\/index.php?rest_route=\/wp\/v2\/posts\/2119\/revisions\/2122"}],"wp:featuredmedia":[{"embeddable":true,"href":"https:\/\/www.svetianteknin.com\/index.php?rest_route=\/wp\/v2\/media\/2081"}],"wp:attachment":[{"href":"https:\/\/www.svetianteknin.com\/index.php?rest_route=%2Fwp%2Fv2%2Fmedia&parent=2119"}],"wp:term":[{"taxonomy":"category","embeddable":true,"href":"https:\/\/www.svetianteknin.com\/index.php?rest_route=%2Fwp%2Fv2%2Fcategories&post=2119"},{"taxonomy":"post_tag","embeddable":true,"href":"https:\/\/www.svetianteknin.com\/index.php?rest_route=%2Fwp%2Fv2%2Ftags&post=2119"}],"curies":[{"name":"wp","href":"https:\/\/api.w.org\/{rel}","templated":true}]}}