{"id":2073,"date":"2022-02-26T20:14:34","date_gmt":"2022-02-26T19:14:34","guid":{"rendered":"https:\/\/www.svetianteknin.com\/?p=2073"},"modified":"2022-02-26T20:14:34","modified_gmt":"2022-02-26T19:14:34","slug":"poziv-pape-franje-na-post-i-molitvu-za-mir-u-ukrajini","status":"publish","type":"post","link":"https:\/\/www.svetianteknin.com\/?p=2073","title":{"rendered":"Poziv pape Franje na post i molitvu za mir u Ukrajini"},"content":{"rendered":"<p><strong>\u0160ibenska biskupija<\/strong><\/p>\n<p style=\"text-align: center;\">Svim vjernicima, sve\u0107enicima, redovnicima<\/p>\n<p style=\"text-align: center;\">i redovnicama \u0160ibenske biskupije<\/p>\n<p>&nbsp;<\/p>\n<p>&nbsp;<\/p>\n<p>Broj 134\/2022. \u00a0\u00a0\u00a0\u00a0\u00a0\u00a0\u00a0\u00a0\u00a0\u00a0\u00a0\u00a0\u00a0\u00a0\u00a0\u00a0\u00a0\u00a0\u00a0\u00a0\u00a0\u00a0\u00a0\u00a0\u00a0\u00a0\u00a0\u00a0\u00a0\u00a0\u00a0\u00a0\u00a0\u00a0\u00a0\u00a0 \u00a0\u00a0\u00a0\u00a0\u0160ibenik, 19. velja\u010de 2022.<\/p>\n<p>&nbsp;<\/p>\n<p><strong>Poziv pape Franje na post i molitvu za mir u Ukrajini<\/strong><\/p>\n<p>&nbsp;<\/p>\n<p>Na poziv pape Franje i uz njegovu poruku za korizmu, sve vjernike, sve\u0107enike, redovnike i redovnice \u0160ibenske biskupije pozivamo na molitvu i post na \u010distu srijedu s molitvenom nakanom za mir u svijetu i prestanak rata u Ukrajini.<\/p>\n<p>Neka se u milosnom vremenu Korizme nitko ne umori \u010diniti dobro drugima, postom i molitvom otvarati srce Bogu kako nas je pozvao papa Franjo: \u00bbNeka nam ne dozlogrdi \u010diniti dobro: ako ne sustanemo, u svoje \u0107emo vrijeme \u017eeti! Dakle, dok imamo vremena, \u010dinimo dobro svima\u00ab (Gal 6,9-10a).<\/p>\n<p>Vrijeme Korizmme bilo svima na spasenje, kako stoji u Papinoj poruci: <em>Post priprema tlo, molitva ga navodnjava, a ljubav \u010dini plodnim i bogatim. Imamo sigurnost vjere da \u00bbako ne sustanemo, u svoje \u0107emo vrijeme \u017eeti\u00ab i da \u0107emo, darom ustrajnosti, zadobiti obe\u0107ana dobra (usp. Heb 10,36) za vlastito spasenje i spasenje drugih (usp. 1 Tim 4,16). Provode\u0107i u djelo bratsku ljubav prema svima, sjedinjeni smo s Kristom, koji je dao svoj \u017eivot za nas (usp. 2 Kor 5,14-15), i u\u017eivamo predokus radosti Kraljevstva nebeskoga, kada \u0107e Bog biti \u00bbsve u svemu\u00ab (1 Kor 15,28).<\/em><\/p>\n<p>Po zagovoru nebeske Majke Marije neka ovo vrijeme obra\u0107enja donese svima plodove vje\u010dnog spasenja.<\/p>\n<p>&nbsp;<\/p>\n<p>+ Tomislav Rogi\u0107, \u0161ibenski biskup<\/p>\n","protected":false},"excerpt":{"rendered":"<p>\u0160ibenska biskupija Svim vjernicima, sve\u0107enicima, redovnicima i redovnicama \u0160ibenske biskupije &nbsp; &nbsp; Broj 134\/2022. \u00a0\u00a0\u00a0\u00a0\u00a0\u00a0\u00a0\u00a0\u00a0\u00a0\u00a0\u00a0\u00a0\u00a0\u00a0\u00a0\u00a0\u00a0\u00a0\u00a0\u00a0\u00a0\u00a0\u00a0\u00a0\u00a0\u00a0\u00a0\u00a0\u00a0\u00a0\u00a0\u00a0\u00a0\u00a0\u00a0 \u00a0\u00a0\u00a0\u00a0\u0160ibenik, 19. velja\u010de 2022. &nbsp; Poziv pape Franje na post i molitvu za mir u Ukrajini &nbsp; Na poziv pape Franje i uz njegovu poruku za korizmu, sve vjernike, sve\u0107enike, redovnike i redovnice \u0160ibenske biskupije pozivamo na molitvu i post na \u010distu srijedu s molitvenom nakanom za mir u svijetu [&hellip;]<\/p>\n","protected":false},"author":2,"featured_media":1813,"comment_status":"closed","ping_status":"closed","sticky":false,"template":"","format":"standard","meta":{"fifu_image_url":"","fifu_image_alt":"","footnotes":""},"categories":[6],"tags":[],"class_list":["post-2073","post","type-post","status-publish","format-standard","has-post-thumbnail","hentry","category-zupne-obavijesti"],"_links":{"self":[{"href":"https:\/\/www.svetianteknin.com\/index.php?rest_route=\/wp\/v2\/posts\/2073","targetHints":{"allow":["GET"]}}],"collection":[{"href":"https:\/\/www.svetianteknin.com\/index.php?rest_route=\/wp\/v2\/posts"}],"about":[{"href":"https:\/\/www.svetianteknin.com\/index.php?rest_route=\/wp\/v2\/types\/post"}],"author":[{"embeddable":true,"href":"https:\/\/www.svetianteknin.com\/index.php?rest_route=\/wp\/v2\/users\/2"}],"replies":[{"embeddable":true,"href":"https:\/\/www.svetianteknin.com\/index.php?rest_route=%2Fwp%2Fv2%2Fcomments&post=2073"}],"version-history":[{"count":1,"href":"https:\/\/www.svetianteknin.com\/index.php?rest_route=\/wp\/v2\/posts\/2073\/revisions"}],"predecessor-version":[{"id":2074,"href":"https:\/\/www.svetianteknin.com\/index.php?rest_route=\/wp\/v2\/posts\/2073\/revisions\/2074"}],"wp:featuredmedia":[{"embeddable":true,"href":"https:\/\/www.svetianteknin.com\/index.php?rest_route=\/wp\/v2\/media\/1813"}],"wp:attachment":[{"href":"https:\/\/www.svetianteknin.com\/index.php?rest_route=%2Fwp%2Fv2%2Fmedia&parent=2073"}],"wp:term":[{"taxonomy":"category","embeddable":true,"href":"https:\/\/www.svetianteknin.com\/index.php?rest_route=%2Fwp%2Fv2%2Fcategories&post=2073"},{"taxonomy":"post_tag","embeddable":true,"href":"https:\/\/www.svetianteknin.com\/index.php?rest_route=%2Fwp%2Fv2%2Ftags&post=2073"}],"curies":[{"name":"wp","href":"https:\/\/api.w.org\/{rel}","templated":true}]}}