{"id":2071,"date":"2022-02-26T20:09:28","date_gmt":"2022-02-26T19:09:28","guid":{"rendered":"https:\/\/www.svetianteknin.com\/?p=2071"},"modified":"2022-02-26T20:09:28","modified_gmt":"2022-02-26T19:09:28","slug":"zupne-obavijesti-8-kgc-27-2-5-3-2022","status":"publish","type":"post","link":"https:\/\/www.svetianteknin.com\/?p=2071","title":{"rendered":"\u017dupne obavijesti, 8 \u00a0KGC (27. 2. &#8211; 5. 3. 2022.)"},"content":{"rendered":"<p><strong>Raspored svetih misa: 8 \u00a0KGC (27. 2. &#8211; 5. 3. 2022.)<\/strong><\/p>\n<table>\n<tbody>\n<tr>\n<td width=\"151\">Crkva<\/td>\n<td width=\"95\">Satnica<\/td>\n<td width=\"359\">Nakana<\/td>\n<\/tr>\n<tr>\n<td width=\"151\">Sveti Ante<\/td>\n<td width=\"95\">8<\/td>\n<td width=\"359\">+ Drago i + ob. Josipovi\u0107<\/td>\n<\/tr>\n<tr>\n<td width=\"151\">Gospa VHKZ<\/td>\n<td width=\"95\">9:30<\/td>\n<td width=\"359\">Pro populo<\/td>\n<\/tr>\n<tr>\n<td width=\"151\">Gospa VHKZ<\/td>\n<td width=\"95\">11<\/td>\n<td width=\"359\">+ Cmiljka i Frano \u017dabi\u0107<\/td>\n<\/tr>\n<tr>\n<td width=\"151\">Gospa VHKZ<\/td>\n<td width=\"95\">18<\/td>\n<td width=\"359\">+ Dragica \u010cujec<\/td>\n<\/tr>\n<\/tbody>\n<\/table>\n<p>&nbsp;<\/p>\n<table>\n<tbody>\n<tr>\n<td colspan=\"4\" width=\"624\">Ponedjeljak, 28. velja\u010de<\/td>\n<\/tr>\n<tr>\n<td width=\"53\">7<\/td>\n<td width=\"254\">+ Frano, Ru\u017ea i Stipe<\/td>\n<td width=\"55\">18<\/td>\n<td width=\"263\">+ Drago i Marica Ganjto<\/td>\n<\/tr>\n<tr>\n<td colspan=\"4\" width=\"624\">Utorak, 1. o\u017eujka<\/td>\n<\/tr>\n<tr>\n<td width=\"53\">7<\/td>\n<td width=\"254\">+ Ivo i Ana<\/td>\n<td width=\"55\">18<\/td>\n<td width=\"263\">Na odluku<\/td>\n<\/tr>\n<tr>\n<td colspan=\"4\" width=\"624\">Srijeda, 2. o\u017eujka: Pepelnica<\/td>\n<\/tr>\n<tr>\n<td width=\"53\">7<\/td>\n<td width=\"254\">+ Marko, Luca i Ivo<\/td>\n<td width=\"55\">18<\/td>\n<td width=\"263\">+ Ana i Pero Marijanovi\u0107<\/td>\n<\/tr>\n<tr>\n<td colspan=\"4\" width=\"624\">\u010cetvrtak, 3. o\u017eujka<\/td>\n<\/tr>\n<tr>\n<td width=\"53\">7<\/td>\n<td width=\"254\">+ Ilija i Emilija<\/td>\n<td width=\"55\">18<\/td>\n<td width=\"263\">+ Vladimir \u010cavara<\/td>\n<\/tr>\n<tr>\n<td colspan=\"4\" width=\"624\">Petak, 4. o\u017eujka<\/td>\n<\/tr>\n<tr>\n<td width=\"53\">7<\/td>\n<td width=\"254\">Na odluku<\/td>\n<td width=\"55\">18<\/td>\n<td width=\"263\">+ Ivo i Jela Ke\u0161ki\u0107<\/td>\n<\/tr>\n<tr>\n<td colspan=\"4\" width=\"624\">Subota, 5. subota<\/td>\n<\/tr>\n<tr>\n<td width=\"53\">7<\/td>\n<td width=\"254\">+ Dinko Mari\u010di\u0107<\/td>\n<td width=\"55\">18<\/td>\n<td width=\"263\">+ Mara \u0160kori\u0107<\/td>\n<\/tr>\n<\/tbody>\n<\/table>\n<p><strong>\u00a0<\/strong><strong>\u00a0\u00a0\u00a0\u00a0\u00a0\u00a0\u00a0\u00a0\u00a0\u00a0 <\/strong><\/p>\n<p><strong>Vjeronauk za krizmanike: <\/strong>\u010detvrtak u 10 i 16 sati<strong>, Prvopri\u010desnici:<\/strong> Petak, u 10 i 16 sati<\/p>\n<p><strong>Susret ministranata<\/strong> je u subotu u 10 sati, a probe dje\u010djeg zbora u 11 sati<\/p>\n<p><strong>Frama, petak u 18 sati<\/strong><\/p>\n<p><strong>Prva pri\u010dest u na\u0161oj \u017eupi bit \u0107e 7. svibnja, a krizma 14. svibnja<\/strong><\/p>\n<p><strong>Sinodalni put u crkvi: <\/strong>Svi smo pozvani dati svoj doprinos da na\u0161a Crkva ide osna\u017eena u budu\u0107nost. Svi vjernici pozvani su dati svoje prijedloge kako bi na\u0161a Crkva bila jo\u0161 svetija. Na ulazu u crkvu su anketni upitnici koje mo\u017eete uzeti i kod ku\u0107e ih popuniti, a potom ih vratiti. Mla\u0111ima preporu\u010dujemo da isti anketni upitnik mogu popuniti online preko stranica <a href=\"https:\/\/docs.google.com\/forms\/d\/e\/1FAIpQLSfNxp7SrjjwZus7YHs-h9jQDIvfQA0bcbh_UjhFcIgNgCOtMg\/viewform\">\u0161ibenske biskupije<\/a>.<\/p>\n<p><strong>Srijeda (Pepelnica):<\/strong> Poziv pape Franje na post i molitvu za prestanak rata u Ukrajini. Blagoslov pepela je na misama u 7 i u 18 sati,a\u00a0 potom pepeljavanje.<\/p>\n<p><strong>Na pepelnicu, <\/strong>u srijedu, po\u010dinje molitvena akcija \u201e40 dana za \u017eivot\u201c. Molitva da se svako za\u010deto dijete rodi je svaki dan ispred na\u0161e kninske bolnice od 9 do 16 sati. Za sve koji \u017eele volontirati neka se jave na\u0161oj voditeljici g\u0111i. Zori Vuji\u0107.<\/p>\n<p><strong>Petak: put kri\u017ea u 18 sati<\/strong>, a potom je sveta misa. Poti\u010demo sve vjernike da sudjeluju u molitvi \u00a0razmatranja Isusove spasiteljske Muke. Pro\u0161le godine napravili smo nove postaje kri\u017enoga puta, pa \u0107emo ih na po\u010detku i blagosloviti.<\/p>\n<p><strong>MOLITVA ZA PRESTANAK RATA U UKRAJINI I MIR U SVIJETU:<\/strong><\/p>\n<p><strong>Pod obranu se Tvoju utje\u010demo,<\/strong>\u00a0sveta Bogorodice. Ne odbij nam molbe u potrebama na\u0161im, nego nas od svih pogibli vazda oslobodi. Djevice slavna i blagoslovljena, Gospo\u0111o na\u0161a, Posrednice na\u0161a, Zagovornice na\u0161a! Sa svojim nas Sinom pomiri, svojemu nas Sinu preporu\u010di, svojemu nas Sinu izru\u010di. Amen. <strong><em>3x Zdravo Marijo\u2026<\/em><\/strong><\/p>\n<p>&nbsp;<\/p>\n","protected":false},"excerpt":{"rendered":"<p>Raspored svetih misa: 8 \u00a0KGC (27. 2. &#8211; 5. 3. 2022.) Crkva Satnica Nakana Sveti Ante 8 + Drago i + ob. Josipovi\u0107 Gospa VHKZ 9:30 Pro populo Gospa VHKZ 11 + Cmiljka i Frano \u017dabi\u0107 Gospa VHKZ 18 + Dragica \u010cujec &nbsp; Ponedjeljak, 28. velja\u010de 7 + Frano, Ru\u017ea i Stipe 18 + Drago i Marica Ganjto Utorak, 1. o\u017eujka 7 + Ivo i [&hellip;]<\/p>\n","protected":false},"author":2,"featured_media":1732,"comment_status":"closed","ping_status":"closed","sticky":false,"template":"","format":"standard","meta":{"fifu_image_url":"","fifu_image_alt":"","footnotes":""},"categories":[6],"tags":[],"class_list":["post-2071","post","type-post","status-publish","format-standard","has-post-thumbnail","hentry","category-zupne-obavijesti"],"_links":{"self":[{"href":"https:\/\/www.svetianteknin.com\/index.php?rest_route=\/wp\/v2\/posts\/2071","targetHints":{"allow":["GET"]}}],"collection":[{"href":"https:\/\/www.svetianteknin.com\/index.php?rest_route=\/wp\/v2\/posts"}],"about":[{"href":"https:\/\/www.svetianteknin.com\/index.php?rest_route=\/wp\/v2\/types\/post"}],"author":[{"embeddable":true,"href":"https:\/\/www.svetianteknin.com\/index.php?rest_route=\/wp\/v2\/users\/2"}],"replies":[{"embeddable":true,"href":"https:\/\/www.svetianteknin.com\/index.php?rest_route=%2Fwp%2Fv2%2Fcomments&post=2071"}],"version-history":[{"count":1,"href":"https:\/\/www.svetianteknin.com\/index.php?rest_route=\/wp\/v2\/posts\/2071\/revisions"}],"predecessor-version":[{"id":2072,"href":"https:\/\/www.svetianteknin.com\/index.php?rest_route=\/wp\/v2\/posts\/2071\/revisions\/2072"}],"wp:featuredmedia":[{"embeddable":true,"href":"https:\/\/www.svetianteknin.com\/index.php?rest_route=\/wp\/v2\/media\/1732"}],"wp:attachment":[{"href":"https:\/\/www.svetianteknin.com\/index.php?rest_route=%2Fwp%2Fv2%2Fmedia&parent=2071"}],"wp:term":[{"taxonomy":"category","embeddable":true,"href":"https:\/\/www.svetianteknin.com\/index.php?rest_route=%2Fwp%2Fv2%2Fcategories&post=2071"},{"taxonomy":"post_tag","embeddable":true,"href":"https:\/\/www.svetianteknin.com\/index.php?rest_route=%2Fwp%2Fv2%2Ftags&post=2071"}],"curies":[{"name":"wp","href":"https:\/\/api.w.org\/{rel}","templated":true}]}}