{"id":2063,"date":"2022-02-19T21:41:45","date_gmt":"2022-02-19T20:41:45","guid":{"rendered":"https:\/\/www.svetianteknin.com\/?p=2063"},"modified":"2022-02-19T21:41:45","modified_gmt":"2022-02-19T20:41:45","slug":"zupne-obavijesti-7-kgc-20-26-2-2022","status":"publish","type":"post","link":"https:\/\/www.svetianteknin.com\/?p=2063","title":{"rendered":"\u017dupne obavijesti, 7 \u00a0KGC (20. &#8211; 26. 2. 2022.)"},"content":{"rendered":"<p><strong>Raspored svetih misa: 7 \u00a0KGC (20. &#8211; 26. 2. 2022.)<\/strong><\/p>\n<table>\n<tbody>\n<tr>\n<td width=\"151\">Crkva<\/td>\n<td width=\"95\">Satnica<\/td>\n<td width=\"359\">Nakana<\/td>\n<\/tr>\n<tr>\n<td width=\"151\">Sveti Ante<\/td>\n<td width=\"95\">8<\/td>\n<td width=\"359\">+ Mara i Mijo<\/td>\n<\/tr>\n<tr>\n<td width=\"151\">Gospa VHKZ<\/td>\n<td width=\"95\">9:30<\/td>\n<td width=\"359\">Pro populo<\/td>\n<\/tr>\n<tr>\n<td width=\"151\">Gospa VHKZ<\/td>\n<td width=\"95\">11<\/td>\n<td width=\"359\">+ Anto i + ob. Marijanovi\u0107 i Petrovi\u0107<\/td>\n<\/tr>\n<tr>\n<td width=\"151\">Gospa VHKZ<\/td>\n<td width=\"95\">18<\/td>\n<td width=\"359\">+ Mirko i Agata \u010celi\u0107<\/td>\n<\/tr>\n<\/tbody>\n<\/table>\n<p>&nbsp;<\/p>\n<table>\n<tbody>\n<tr>\n<td colspan=\"4\" width=\"624\">Ponedjeljak, 21. velja\u010de<\/td>\n<\/tr>\n<tr>\n<td width=\"53\">7<\/td>\n<td width=\"254\">+ ob. \u017dili\u0107<\/td>\n<td width=\"55\">18<\/td>\n<td width=\"263\">+ Vlade, Frano, Mara i An\u0111a Franji\u0107<\/td>\n<\/tr>\n<tr>\n<td colspan=\"4\" width=\"624\">Utorak, 22. velja\u010de<\/td>\n<\/tr>\n<tr>\n<td width=\"53\">7<\/td>\n<td width=\"254\">+ Luca<\/td>\n<td width=\"55\">18<\/td>\n<td width=\"263\">Na odluku<\/td>\n<\/tr>\n<tr>\n<td colspan=\"4\" width=\"624\">Srijeda, 23. velja\u010de<\/td>\n<\/tr>\n<tr>\n<td width=\"53\">7<\/td>\n<td width=\"254\">+ Frano Kri\u0161to<\/td>\n<td width=\"55\">18<\/td>\n<td width=\"263\">+ \u0160\u0107epo Azinovi\u0107<\/td>\n<\/tr>\n<tr>\n<td colspan=\"4\" width=\"624\">\u010cetvrtak, 24. velja\u010de<\/td>\n<\/tr>\n<tr>\n<td width=\"53\">7<\/td>\n<td width=\"254\">+ ob. Tolo i Kuli\u0161<\/td>\n<td width=\"55\">18<\/td>\n<td width=\"263\">+ Darko Maji\u0107<\/td>\n<\/tr>\n<tr>\n<td colspan=\"4\" width=\"624\">Petak, 25 veljal\u010de<\/td>\n<\/tr>\n<tr>\n<td width=\"53\">7<\/td>\n<td width=\"254\">Na odluku<\/td>\n<td width=\"55\">18<\/td>\n<td width=\"263\">+ ob. Jonji\u0107<\/td>\n<\/tr>\n<tr>\n<td colspan=\"4\" width=\"624\">Subota, 26. velja\u010de<\/td>\n<\/tr>\n<tr>\n<td width=\"53\">7<\/td>\n<td width=\"254\">+ Tomo \u010cuturi\u0107<\/td>\n<td width=\"55\">18<\/td>\n<td width=\"263\">+ Ana Petri\u010devi\u0107<\/td>\n<\/tr>\n<\/tbody>\n<\/table>\n<p><strong>\u00a0<\/strong><strong>\u00a0\u00a0\u00a0\u00a0\u00a0\u00a0\u00a0\u00a0\u00a0\u00a0 <\/strong><\/p>\n<p><strong>Vjeronauk za krizmanike: <\/strong>\u010detvrtak u 10 i 16 sati<strong>, Prvopri\u010desnici:<\/strong> Petak, u 10 i 16 sati<\/p>\n<p><strong>Frama, petak u 18 sati<\/strong><\/p>\n<p><strong>U subotu u na\u0161oj \u017eupi bit \u0107e susret vjerou\u010ditelja \u0161ibenske biskupije. Zbog toga ne\u0107emo imati susret ministranata ni dje\u010dji zbor.<\/strong><\/p>\n<p><strong>Prva pri\u010dest u na\u0161oj \u017eupi bit \u0107e 7. svibnja, a krizma 14. svibnja<\/strong><\/p>\n<p><strong>\u00a0<\/strong><\/p>\n","protected":false},"excerpt":{"rendered":"<p>Raspored svetih misa: 7 \u00a0KGC (20. &#8211; 26. 2. 2022.) Crkva Satnica Nakana Sveti Ante 8 + Mara i Mijo Gospa VHKZ 9:30 Pro populo Gospa VHKZ 11 + Anto i + ob. Marijanovi\u0107 i Petrovi\u0107 Gospa VHKZ 18 + Mirko i Agata \u010celi\u0107 &nbsp; Ponedjeljak, 21. velja\u010de 7 + ob. \u017dili\u0107 18 + Vlade, Frano, Mara i An\u0111a Franji\u0107 Utorak, 22. velja\u010de 7 + [&hellip;]<\/p>\n","protected":false},"author":2,"featured_media":1372,"comment_status":"closed","ping_status":"closed","sticky":false,"template":"","format":"standard","meta":{"fifu_image_url":"","fifu_image_alt":"","footnotes":""},"categories":[6],"tags":[],"class_list":["post-2063","post","type-post","status-publish","format-standard","has-post-thumbnail","hentry","category-zupne-obavijesti"],"_links":{"self":[{"href":"https:\/\/www.svetianteknin.com\/index.php?rest_route=\/wp\/v2\/posts\/2063","targetHints":{"allow":["GET"]}}],"collection":[{"href":"https:\/\/www.svetianteknin.com\/index.php?rest_route=\/wp\/v2\/posts"}],"about":[{"href":"https:\/\/www.svetianteknin.com\/index.php?rest_route=\/wp\/v2\/types\/post"}],"author":[{"embeddable":true,"href":"https:\/\/www.svetianteknin.com\/index.php?rest_route=\/wp\/v2\/users\/2"}],"replies":[{"embeddable":true,"href":"https:\/\/www.svetianteknin.com\/index.php?rest_route=%2Fwp%2Fv2%2Fcomments&post=2063"}],"version-history":[{"count":1,"href":"https:\/\/www.svetianteknin.com\/index.php?rest_route=\/wp\/v2\/posts\/2063\/revisions"}],"predecessor-version":[{"id":2064,"href":"https:\/\/www.svetianteknin.com\/index.php?rest_route=\/wp\/v2\/posts\/2063\/revisions\/2064"}],"wp:featuredmedia":[{"embeddable":true,"href":"https:\/\/www.svetianteknin.com\/index.php?rest_route=\/wp\/v2\/media\/1372"}],"wp:attachment":[{"href":"https:\/\/www.svetianteknin.com\/index.php?rest_route=%2Fwp%2Fv2%2Fmedia&parent=2063"}],"wp:term":[{"taxonomy":"category","embeddable":true,"href":"https:\/\/www.svetianteknin.com\/index.php?rest_route=%2Fwp%2Fv2%2Fcategories&post=2063"},{"taxonomy":"post_tag","embeddable":true,"href":"https:\/\/www.svetianteknin.com\/index.php?rest_route=%2Fwp%2Fv2%2Ftags&post=2063"}],"curies":[{"name":"wp","href":"https:\/\/api.w.org\/{rel}","templated":true}]}}