{"id":2048,"date":"2022-01-29T21:11:46","date_gmt":"2022-01-29T20:11:46","guid":{"rendered":"https:\/\/www.svetianteknin.com\/?p=2048"},"modified":"2022-01-29T21:11:46","modified_gmt":"2022-01-29T20:11:46","slug":"zupne-obavijesti-4-kgc-30-1-5-2-2022","status":"publish","type":"post","link":"https:\/\/www.svetianteknin.com\/?p=2048","title":{"rendered":"\u017dupne obavijesti, 4 KGC (30. 1. \u00a0&#8211; 5. 2. 2022.)"},"content":{"rendered":"<p><strong>Raspored svetih misa: 4 KGC (30. 1. \u00a0&#8211; 5. 2. 2022.)<\/strong><\/p>\n<table>\n<tbody>\n<tr>\n<td width=\"151\">Crkva<\/td>\n<td width=\"95\">Satnica<\/td>\n<td width=\"359\">Nakana<\/td>\n<\/tr>\n<tr>\n<td width=\"151\">Sveti Ante<\/td>\n<td width=\"95\">8<\/td>\n<td width=\"359\">+ Marijan, Kata, Franjo i Vjekoslav<\/td>\n<\/tr>\n<tr>\n<td width=\"151\">Gospa VHKZ<\/td>\n<td width=\"95\">9:30<\/td>\n<td width=\"359\">Pro populo<\/td>\n<\/tr>\n<tr>\n<td width=\"151\">Gospa VHKZ<\/td>\n<td width=\"95\">11<\/td>\n<td width=\"359\">+ ob. Ivani\u0107<\/td>\n<\/tr>\n<tr>\n<td width=\"151\">Gospa VHKZ<\/td>\n<td width=\"95\">18<\/td>\n<td width=\"359\">+ Tanja \u0106osi\u0107<\/td>\n<\/tr>\n<\/tbody>\n<\/table>\n<p>&nbsp;<\/p>\n<table>\n<tbody>\n<tr>\n<td colspan=\"4\" width=\"624\">Ponedjeljak, 31. sije\u010dnja<\/td>\n<\/tr>\n<tr>\n<td width=\"53\">7<\/td>\n<td width=\"254\">+ Stipo i Iva<\/td>\n<td width=\"55\">18<\/td>\n<td width=\"263\">+ ob. Bekavac i Ili\u0107<\/td>\n<\/tr>\n<tr>\n<td colspan=\"4\" width=\"624\">Utorak, 1. velja\u010de \u2013 po\u010detak \u00a0devetnice Stepincu<\/td>\n<\/tr>\n<tr>\n<td width=\"53\">7<\/td>\n<td width=\"254\">+ ob. Anti\u010devi\u0107<\/td>\n<td width=\"55\">18<\/td>\n<td width=\"263\">+ Jakov i + ob. Vuku\u0161i\u0107<\/td>\n<\/tr>\n<tr>\n<td colspan=\"4\" width=\"624\">Srijeda, 2. velja\u010de: Svije\u0107nica<\/td>\n<\/tr>\n<tr>\n<td width=\"53\">7<\/td>\n<td width=\"254\">+ Jagoda i Ana<\/td>\n<td width=\"55\">18<\/td>\n<td width=\"263\">+ Josip, Ana i + ob. Marin, \u010cupi\u0107 i Anbdabaka<\/td>\n<\/tr>\n<tr>\n<td colspan=\"4\" width=\"624\">\u010cetvrtak, 3. velja\u010de: grli\u010danje<\/td>\n<\/tr>\n<tr>\n<td width=\"53\">7<\/td>\n<td width=\"254\">+ ob. Boruta<\/td>\n<td width=\"55\">18<\/td>\n<td width=\"263\">+ Matilda i Josip<\/td>\n<\/tr>\n<tr>\n<td colspan=\"4\" width=\"624\">Petak, 4. veljal\u010de<\/td>\n<\/tr>\n<tr>\n<td width=\"53\">7<\/td>\n<td width=\"254\">Na odluku<\/td>\n<td width=\"55\">18<\/td>\n<td width=\"263\">+ Mario i Dario<\/td>\n<\/tr>\n<tr>\n<td colspan=\"4\" width=\"624\">Subota, 5. velja\u010de<\/td>\n<\/tr>\n<tr>\n<td width=\"53\">7<\/td>\n<td width=\"254\">+ Ivan, Ante i Ana Po\u017ear<\/td>\n<td width=\"55\">18<\/td>\n<td width=\"263\">+ Ivo, Josip, Bernardica, Ivka i +. Ob. Komarac<\/td>\n<\/tr>\n<\/tbody>\n<\/table>\n<p><strong>\u00a0\u00a0\u00a0\u00a0\u00a0\u00a0\u00a0\u00a0\u00a0\u00a0\u00a0 <\/strong><\/p>\n<p><strong>Vjeronauk za krizmanike: <\/strong>\u010detvrtak u 10 i 16 sati<strong>, Prvopri\u010desnici:<\/strong> Petak, u 10 i 16 sati<\/p>\n<p><strong>Frama, petak u 18 sati<\/strong><\/p>\n<p><strong>Ministranti imaju susret u subotu u 10 sati, a dje\u010dji zbor u 11 sati.<\/strong><\/p>\n<p><strong>Petak, prvi u mjesecu, <\/strong>cijelono\u0107no klanjanje u crkvi GVHKZ.<\/p>\n<p><strong>Devetnica Bl. Alojziju Stepincu: <\/strong>Poslije ve\u010dernjih misa u 18 sati molimo molitvu za progla\u0161enje svetim bla\u017eenog kardinala.<\/p>\n<p><strong>Svije\u0107nica: <\/strong>poslije mise blagoslov svije\u0107a<\/p>\n<p><strong>Sv. Bla\u017e \u2013 grli\u010danje: <\/strong>poslije mise bit \u0107e molitva za zdravlje grla (grli\u010danje), po zagovoru sv. Bla\u017ea, biskupa i mu\u010denika.<\/p>\n<p><strong>Pozivamo mlade koji imaju dara za pjevati i svirati da se jave radi uklju\u010divanja u VIS mladih na\u0161e \u017eupe, koji pjevaju nedjeljom na ve\u010dernjoj misi.<\/strong><\/p>\n<p><strong>\u00a0<\/strong><\/p>\n","protected":false},"excerpt":{"rendered":"<p>Raspored svetih misa: 4 KGC (30. 1. \u00a0&#8211; 5. 2. 2022.) Crkva Satnica Nakana Sveti Ante 8 + Marijan, Kata, Franjo i Vjekoslav Gospa VHKZ 9:30 Pro populo Gospa VHKZ 11 + ob. Ivani\u0107 Gospa VHKZ 18 + Tanja \u0106osi\u0107 &nbsp; Ponedjeljak, 31. sije\u010dnja 7 + Stipo i Iva 18 + ob. Bekavac i Ili\u0107 Utorak, 1. velja\u010de \u2013 po\u010detak \u00a0devetnice Stepincu 7 + ob. [&hellip;]<\/p>\n","protected":false},"author":2,"featured_media":1786,"comment_status":"closed","ping_status":"closed","sticky":false,"template":"","format":"standard","meta":{"fifu_image_url":"","fifu_image_alt":"","footnotes":""},"categories":[6],"tags":[],"class_list":["post-2048","post","type-post","status-publish","format-standard","has-post-thumbnail","hentry","category-zupne-obavijesti"],"_links":{"self":[{"href":"https:\/\/www.svetianteknin.com\/index.php?rest_route=\/wp\/v2\/posts\/2048","targetHints":{"allow":["GET"]}}],"collection":[{"href":"https:\/\/www.svetianteknin.com\/index.php?rest_route=\/wp\/v2\/posts"}],"about":[{"href":"https:\/\/www.svetianteknin.com\/index.php?rest_route=\/wp\/v2\/types\/post"}],"author":[{"embeddable":true,"href":"https:\/\/www.svetianteknin.com\/index.php?rest_route=\/wp\/v2\/users\/2"}],"replies":[{"embeddable":true,"href":"https:\/\/www.svetianteknin.com\/index.php?rest_route=%2Fwp%2Fv2%2Fcomments&post=2048"}],"version-history":[{"count":1,"href":"https:\/\/www.svetianteknin.com\/index.php?rest_route=\/wp\/v2\/posts\/2048\/revisions"}],"predecessor-version":[{"id":2049,"href":"https:\/\/www.svetianteknin.com\/index.php?rest_route=\/wp\/v2\/posts\/2048\/revisions\/2049"}],"wp:featuredmedia":[{"embeddable":true,"href":"https:\/\/www.svetianteknin.com\/index.php?rest_route=\/wp\/v2\/media\/1786"}],"wp:attachment":[{"href":"https:\/\/www.svetianteknin.com\/index.php?rest_route=%2Fwp%2Fv2%2Fmedia&parent=2048"}],"wp:term":[{"taxonomy":"category","embeddable":true,"href":"https:\/\/www.svetianteknin.com\/index.php?rest_route=%2Fwp%2Fv2%2Fcategories&post=2048"},{"taxonomy":"post_tag","embeddable":true,"href":"https:\/\/www.svetianteknin.com\/index.php?rest_route=%2Fwp%2Fv2%2Ftags&post=2048"}],"curies":[{"name":"wp","href":"https:\/\/api.w.org\/{rel}","templated":true}]}}