{"id":2043,"date":"2022-01-16T08:36:19","date_gmt":"2022-01-16T07:36:19","guid":{"rendered":"https:\/\/www.svetianteknin.com\/?p=2043"},"modified":"2022-01-16T08:36:19","modified_gmt":"2022-01-16T07:36:19","slug":"zupne-obavijesti-2-kgc-16-22-1-2022","status":"publish","type":"post","link":"https:\/\/www.svetianteknin.com\/?p=2043","title":{"rendered":"\u017dupne obavijesti, 2 KGC (16. &#8211; 22. 1. 2022.)"},"content":{"rendered":"<p><strong>Raspored svetih misa: 2 KGC (16. &#8211; 22. 1. 2022.)<\/strong><\/p>\n<table>\n<tbody>\n<tr>\n<td width=\"151\">Crkva<\/td>\n<td width=\"95\">Satnica<\/td>\n<td width=\"359\">Nakana<\/td>\n<\/tr>\n<tr>\n<td width=\"151\">Sveti Ante<\/td>\n<td width=\"95\">8<\/td>\n<td width=\"359\">+ Ivo i Matilda Dreno<\/td>\n<\/tr>\n<tr>\n<td width=\"151\">Gospa VHKZ<\/td>\n<td width=\"95\">9:30<\/td>\n<td width=\"359\">Pro populo<\/td>\n<\/tr>\n<tr>\n<td width=\"151\">Gospa VHKZ<\/td>\n<td width=\"95\">11<\/td>\n<td width=\"359\">+ Bo\u017eica, Petar i Katica<\/td>\n<\/tr>\n<tr>\n<td width=\"151\">Gospa VHKZ<\/td>\n<td width=\"95\">18<\/td>\n<td width=\"359\">+ Mato i An\u0111a Kri\u0161ti\u0107<\/td>\n<\/tr>\n<\/tbody>\n<\/table>\n<p>&nbsp;<\/p>\n<table>\n<tbody>\n<tr>\n<td colspan=\"4\" width=\"624\">Ponedjeljak, 17. Sije\u010dnja<\/td>\n<\/tr>\n<tr>\n<td width=\"53\">7<\/td>\n<td width=\"254\">+ Mirko i Darko<\/td>\n<td width=\"55\">18<\/td>\n<td width=\"263\">+ Ante, Jela i Zdenko<\/td>\n<\/tr>\n<tr>\n<td colspan=\"4\" width=\"624\">Utorak, 18. Sije\u010dnja<\/td>\n<\/tr>\n<tr>\n<td width=\"53\">7<\/td>\n<td width=\"254\">+ An\u0111a Brki\u0107<\/td>\n<td width=\"55\">18<\/td>\n<td width=\"263\">+ Ante \u0160imi\u0107<\/td>\n<\/tr>\n<tr>\n<td colspan=\"4\" width=\"624\">Srijeda, 19. Sije\u010dnja<\/td>\n<\/tr>\n<tr>\n<td width=\"53\">7<\/td>\n<td width=\"254\">Na odluku Fra Mario Lemo<\/td>\n<td width=\"55\">18<\/td>\n<td width=\"263\">+ Slavko<\/td>\n<\/tr>\n<tr>\n<td colspan=\"4\" width=\"624\">\u010cetvrtak, 20. Sije\u010dnja<\/td>\n<\/tr>\n<tr>\n<td width=\"53\">7<\/td>\n<td width=\"254\">+ ob. Tadi\u0107 i Antunovi\u0107<\/td>\n<td width=\"55\">18<\/td>\n<td width=\"263\">+ Nenad Zore<\/td>\n<\/tr>\n<tr>\n<td colspan=\"4\" width=\"624\">Petak, 21. Sije\u010dnja<\/td>\n<\/tr>\n<tr>\n<td width=\"53\">7<\/td>\n<td width=\"254\">+ Jasna Pokraj\u010di\u0107<\/td>\n<td width=\"55\">18<\/td>\n<td width=\"263\">+ Marko i + ob. Pavlovi\u0107<\/td>\n<\/tr>\n<tr>\n<td colspan=\"4\" width=\"624\">Subota, 22. Sije\u010dnja<\/td>\n<\/tr>\n<tr>\n<td width=\"53\">7<\/td>\n<td width=\"254\">+ ob. \u0160kegro<\/td>\n<td width=\"55\">18<\/td>\n<td width=\"263\">+ Nikola, Ana i Neven<\/td>\n<\/tr>\n<\/tbody>\n<\/table>\n<p><strong>\u00a0<\/strong><strong>\u00a0\u00a0\u00a0\u00a0\u00a0\u00a0\u00a0\u00a0\u00a0\u00a0 <\/strong><\/p>\n<p><strong>Vjeronauk za krizmanike: <\/strong>\u010detvrtak u 10 i 16 sati<strong>, Prvopri\u010desnici:<\/strong> Petak, u 10 i 16 sati<\/p>\n<p><strong>Frama, petak u 18 sati<\/strong><\/p>\n<p><strong>Pozivamo mlade koji imaju dara za pjevati i svirati da se jave radi uklju\u010divanja u VIS mladih na\u0161e \u017eupe, koji pjevaju nedjeljom na ve\u010dernjoj misi.<\/strong><\/p>\n<p><strong>Ministranti i dje\u010dji zbor imaju susret u subotu u 10 sati. \u010ceka ih iznena\u0111enje.<\/strong><\/p>\n<p>&nbsp;<\/p>\n","protected":false},"excerpt":{"rendered":"<p>Raspored svetih misa: 2 KGC (16. &#8211; 22. 1. 2022.) Crkva Satnica Nakana Sveti Ante 8 + Ivo i Matilda Dreno Gospa VHKZ 9:30 Pro populo Gospa VHKZ 11 + Bo\u017eica, Petar i Katica Gospa VHKZ 18 + Mato i An\u0111a Kri\u0161ti\u0107 &nbsp; Ponedjeljak, 17. Sije\u010dnja 7 + Mirko i Darko 18 + Ante, Jela i Zdenko Utorak, 18. Sije\u010dnja 7 + An\u0111a Brki\u0107 18 [&hellip;]<\/p>\n","protected":false},"author":2,"featured_media":1418,"comment_status":"closed","ping_status":"closed","sticky":false,"template":"","format":"standard","meta":{"fifu_image_url":"","fifu_image_alt":"","footnotes":""},"categories":[6],"tags":[],"class_list":["post-2043","post","type-post","status-publish","format-standard","has-post-thumbnail","hentry","category-zupne-obavijesti"],"_links":{"self":[{"href":"https:\/\/www.svetianteknin.com\/index.php?rest_route=\/wp\/v2\/posts\/2043","targetHints":{"allow":["GET"]}}],"collection":[{"href":"https:\/\/www.svetianteknin.com\/index.php?rest_route=\/wp\/v2\/posts"}],"about":[{"href":"https:\/\/www.svetianteknin.com\/index.php?rest_route=\/wp\/v2\/types\/post"}],"author":[{"embeddable":true,"href":"https:\/\/www.svetianteknin.com\/index.php?rest_route=\/wp\/v2\/users\/2"}],"replies":[{"embeddable":true,"href":"https:\/\/www.svetianteknin.com\/index.php?rest_route=%2Fwp%2Fv2%2Fcomments&post=2043"}],"version-history":[{"count":1,"href":"https:\/\/www.svetianteknin.com\/index.php?rest_route=\/wp\/v2\/posts\/2043\/revisions"}],"predecessor-version":[{"id":2044,"href":"https:\/\/www.svetianteknin.com\/index.php?rest_route=\/wp\/v2\/posts\/2043\/revisions\/2044"}],"wp:featuredmedia":[{"embeddable":true,"href":"https:\/\/www.svetianteknin.com\/index.php?rest_route=\/wp\/v2\/media\/1418"}],"wp:attachment":[{"href":"https:\/\/www.svetianteknin.com\/index.php?rest_route=%2Fwp%2Fv2%2Fmedia&parent=2043"}],"wp:term":[{"taxonomy":"category","embeddable":true,"href":"https:\/\/www.svetianteknin.com\/index.php?rest_route=%2Fwp%2Fv2%2Fcategories&post=2043"},{"taxonomy":"post_tag","embeddable":true,"href":"https:\/\/www.svetianteknin.com\/index.php?rest_route=%2Fwp%2Fv2%2Ftags&post=2043"}],"curies":[{"name":"wp","href":"https:\/\/api.w.org\/{rel}","templated":true}]}}