{"id":1905,"date":"2021-09-13T08:07:17","date_gmt":"2021-09-13T07:07:17","guid":{"rendered":"http:\/\/www.svetianteknin.com\/?p=1905"},"modified":"2021-09-13T20:51:42","modified_gmt":"2021-09-13T19:51:42","slug":"proslava-svete-marije-u-biskupiji-12-rujna-2021","status":"publish","type":"post","link":"https:\/\/www.svetianteknin.com\/?p=1905","title":{"rendered":"Proslava Svete Marije u Biskupiji, 12. rujna 2021."},"content":{"rendered":"<p>Ovogodi\u0161nja proslava\u00a0 Na\u0161e Gospe u Biskupiji okupila je mnoge hodo\u010dasnike iz Knina kao i susjednih mjesta. Uo\u010dnicu, na temeljima bazilike koja \u010duva memoriju na dobrog hrvatskog kralja Dmitra Zvonimira, proslavili smo misom bdijenja i klanjanjem pred Presvetim. Misno slavlje i prigodnu propovijed predvodio je fra Josip Gotovac, \u017eupnik, a klanjanje pred Presvetim fra Mario Lemo, \u017eupni pomo\u0107nik. Molitvu smo zapo\u010deli u 19 sati.<\/p>\n<p>Na dan proslave na\u0161e Gospe, u nedjelju, 12. rujna okupilo se oko 800 vjernika koji su se zbog jakoga sunca ra\u0161trkali po okolnoj hladovini. Prije po\u010detka mise, mnogi vjernici su se ispovjedili. Misno slavlje predvodio je \u0161ibenski biskup u miru mons. Ante Ivas, a koncelebrirali su Fra Josip, Fra Mario i Fra Bo\u017eo. Prije po\u010detka procesije \u017eupnik je pozdravio hodo\u010dasnike i u kratko ih upoznao s va\u017eno\u0161\u0107u mjesta na kojem smo se okupili slaviti Boga i Na\u0161u Gospu. Poslije toga krenula je procesija oko starohrvatskog groblja. Procesiju je animirao fra Mario Lemo.<\/p>\n<p>U nadahnutoj propovijedi mons. Ante je istaknuo pobo\u017enost na\u0161eg hrvatskog naroda prema Gospi. Ona je na\u0161a Majka, koju rado zazivamo za pomo\u0107. A Preko Majke Marije, dolazimo do njezinoga Sina Isusa Krista. Tako\u0111er je naglasio i va\u017enost mjesta na kojem smo se okupili. U nastavku se spomenuo osobne uspomene kada se prije 40tak godina u Biskupiji, oko crkve Svete Marije, okupilo vi\u0161e tisu\u0107a vjernika. Tada je, biskup se prisjetio, on osobno pjevao pla\u010d Jeremije proroka: &#8220;Pijemo za novac vodu svoju, moramo pla\u0107ati za drva vlastita.&#8221; (Tu\u017e5,4). Razumijevanje tih rije\u010di mnogim je vjernicima krenula suza niz lice.<\/p>\n<p>Pred kraj \u017eupnik je zahvalio Bogu i Gospi na ovome danu. Zahvalio je i svima koji su pomagali oko ure\u0111enja i \u010di\u0161\u0107enja prostora okoc crkve kao i svima koji su na bilo koji na\u010din pomagali (obitelj Dreno, D. Gali\u0107 sa suradnicima, J. Guti\u0107, zbor sv. Ante,&#8230;)<\/p>\n<p>Misno slavlje zavr\u0161ilo je vra\u0107anjem Gospina pralika u crkvu Na\u0161e Gospe.<\/p>\n<p>Gospe Velikog hrvatskog zavjeta, moli za nas!<\/p>\n<p>U nastavku pogledajte kako je izgledala proslava Na\u0161e Gospe 1975. godine, a potom slijedi ovogodi\u0161nja proslava u nekoliko fotografija<\/p>\n<p><iframe loading=\"lazy\" title=\"YouTube video player\" src=\"https:\/\/www.youtube.com\/embed\/t4yMkoNplpQ\" width=\"560\" height=\"315\" frameborder=\"0\" allowfullscreen=\"allowfullscreen\"><\/iframe><\/p>\n<p><img loading=\"lazy\" decoding=\"async\" class=\"alignnone wp-image-1895 size-full\" src=\"https:\/\/www.svetianteknin.com\/wp-content\/uploads\/2021\/09\/IMG-20210911-WA0002.jpg\" alt=\"\" width=\"1500\" height=\"2000\" srcset=\"https:\/\/www.svetianteknin.com\/wp-content\/uploads\/2021\/09\/IMG-20210911-WA0002.jpg 1500w, https:\/\/www.svetianteknin.com\/wp-content\/uploads\/2021\/09\/IMG-20210911-WA0002-225x300.jpg 225w, https:\/\/www.svetianteknin.com\/wp-content\/uploads\/2021\/09\/IMG-20210911-WA0002-768x1024.jpg 768w, https:\/\/www.svetianteknin.com\/wp-content\/uploads\/2021\/09\/IMG-20210911-WA0002-1152x1536.jpg 1152w\" sizes=\"auto, (max-width: 1500px) 100vw, 1500px\" \/> <img loading=\"lazy\" decoding=\"async\" class=\"alignnone wp-image-1903\" src=\"https:\/\/www.svetianteknin.com\/wp-content\/uploads\/2021\/09\/IMG-20210912-WA0012.jpg\" alt=\"\" width=\"500\" height=\"354\" srcset=\"https:\/\/www.svetianteknin.com\/wp-content\/uploads\/2021\/09\/IMG-20210912-WA0012.jpg 459w, https:\/\/www.svetianteknin.com\/wp-content\/uploads\/2021\/09\/IMG-20210912-WA0012-300x212.jpg 300w\" sizes=\"auto, (max-width: 500px) 100vw, 500px\" \/> <img loading=\"lazy\" decoding=\"async\" class=\"alignnone wp-image-1902 size-full\" src=\"https:\/\/www.svetianteknin.com\/wp-content\/uploads\/2021\/09\/IMG-20210912-WA0011.jpg\" alt=\"\" width=\"1460\" height=\"905\" srcset=\"https:\/\/www.svetianteknin.com\/wp-content\/uploads\/2021\/09\/IMG-20210912-WA0011.jpg 1460w, https:\/\/www.svetianteknin.com\/wp-content\/uploads\/2021\/09\/IMG-20210912-WA0011-300x186.jpg 300w, https:\/\/www.svetianteknin.com\/wp-content\/uploads\/2021\/09\/IMG-20210912-WA0011-768x476.jpg 768w\" sizes=\"auto, (max-width: 1460px) 100vw, 1460px\" \/> <img loading=\"lazy\" decoding=\"async\" class=\"alignnone wp-image-1900 size-full\" src=\"https:\/\/www.svetianteknin.com\/wp-content\/uploads\/2021\/09\/IMG-20210912-WA0008.jpg\" alt=\"\" width=\"1193\" height=\"859\" srcset=\"https:\/\/www.svetianteknin.com\/wp-content\/uploads\/2021\/09\/IMG-20210912-WA0008.jpg 1193w, https:\/\/www.svetianteknin.com\/wp-content\/uploads\/2021\/09\/IMG-20210912-WA0008-300x216.jpg 300w, https:\/\/www.svetianteknin.com\/wp-content\/uploads\/2021\/09\/IMG-20210912-WA0008-768x553.jpg 768w\" sizes=\"auto, (max-width: 1193px) 100vw, 1193px\" \/> <img loading=\"lazy\" decoding=\"async\" class=\"alignnone wp-image-1898 size-full\" src=\"https:\/\/www.svetianteknin.com\/wp-content\/uploads\/2021\/09\/IMG-20210912-WA0006.jpg\" alt=\"\" width=\"1354\" height=\"1138\" srcset=\"https:\/\/www.svetianteknin.com\/wp-content\/uploads\/2021\/09\/IMG-20210912-WA0006.jpg 1354w, https:\/\/www.svetianteknin.com\/wp-content\/uploads\/2021\/09\/IMG-20210912-WA0006-300x252.jpg 300w, https:\/\/www.svetianteknin.com\/wp-content\/uploads\/2021\/09\/IMG-20210912-WA0006-768x645.jpg 768w\" sizes=\"auto, (max-width: 1354px) 100vw, 1354px\" \/> <img loading=\"lazy\" decoding=\"async\" class=\"alignnone wp-image-1899 size-full\" src=\"https:\/\/www.svetianteknin.com\/wp-content\/uploads\/2021\/09\/IMG-20210912-WA0007.jpg\" alt=\"\" width=\"1120\" height=\"844\" srcset=\"https:\/\/www.svetianteknin.com\/wp-content\/uploads\/2021\/09\/IMG-20210912-WA0007.jpg 1120w, https:\/\/www.svetianteknin.com\/wp-content\/uploads\/2021\/09\/IMG-20210912-WA0007-300x226.jpg 300w, https:\/\/www.svetianteknin.com\/wp-content\/uploads\/2021\/09\/IMG-20210912-WA0007-768x579.jpg 768w\" sizes=\"auto, (max-width: 1120px) 100vw, 1120px\" \/> <img loading=\"lazy\" decoding=\"async\" class=\"alignnone wp-image-1897 size-full\" src=\"https:\/\/www.svetianteknin.com\/wp-content\/uploads\/2021\/09\/IMG-20210912-WA0005.jpg\" alt=\"\" width=\"1480\" height=\"892\" srcset=\"https:\/\/www.svetianteknin.com\/wp-content\/uploads\/2021\/09\/IMG-20210912-WA0005.jpg 1480w, https:\/\/www.svetianteknin.com\/wp-content\/uploads\/2021\/09\/IMG-20210912-WA0005-300x181.jpg 300w, https:\/\/www.svetianteknin.com\/wp-content\/uploads\/2021\/09\/IMG-20210912-WA0005-768x463.jpg 768w\" sizes=\"auto, (max-width: 1480px) 100vw, 1480px\" \/> <img loading=\"lazy\" decoding=\"async\" class=\"alignnone wp-image-1896 size-full\" src=\"https:\/\/www.svetianteknin.com\/wp-content\/uploads\/2021\/09\/IMG-20210912-WA0001.jpg\" alt=\"\" width=\"2000\" height=\"1500\" srcset=\"https:\/\/www.svetianteknin.com\/wp-content\/uploads\/2021\/09\/IMG-20210912-WA0001.jpg 2000w, https:\/\/www.svetianteknin.com\/wp-content\/uploads\/2021\/09\/IMG-20210912-WA0001-300x225.jpg 300w, https:\/\/www.svetianteknin.com\/wp-content\/uploads\/2021\/09\/IMG-20210912-WA0001-768x576.jpg 768w, https:\/\/www.svetianteknin.com\/wp-content\/uploads\/2021\/09\/IMG-20210912-WA0001-1536x1152.jpg 1536w\" sizes=\"auto, (max-width: 2000px) 100vw, 2000px\" \/><\/p>\n","protected":false},"excerpt":{"rendered":"<p>Ovogodi\u0161nja proslava\u00a0 Na\u0161e Gospe u Biskupiji okupila je mnoge hodo\u010dasnike iz Knina kao i susjednih mjesta. Uo\u010dnicu, na temeljima bazilike koja \u010duva memoriju na dobrog hrvatskog kralja Dmitra Zvonimira, proslavili smo misom bdijenja i klanjanjem pred Presvetim. Misno slavlje i prigodnu propovijed predvodio je fra Josip Gotovac, \u017eupnik, a klanjanje pred Presvetim fra Mario Lemo, \u017eupni pomo\u0107nik. Molitvu smo zapo\u010deli u 19 sati. Na dan [&hellip;]<\/p>\n","protected":false},"author":2,"featured_media":1896,"comment_status":"closed","ping_status":"closed","sticky":false,"template":"","format":"standard","meta":{"fifu_image_url":"","fifu_image_alt":"","footnotes":""},"categories":[1,8],"tags":[],"class_list":["post-1905","post","type-post","status-publish","format-standard","has-post-thumbnail","hentry","category-naslovnica","category-vijesti"],"_links":{"self":[{"href":"https:\/\/www.svetianteknin.com\/index.php?rest_route=\/wp\/v2\/posts\/1905","targetHints":{"allow":["GET"]}}],"collection":[{"href":"https:\/\/www.svetianteknin.com\/index.php?rest_route=\/wp\/v2\/posts"}],"about":[{"href":"https:\/\/www.svetianteknin.com\/index.php?rest_route=\/wp\/v2\/types\/post"}],"author":[{"embeddable":true,"href":"https:\/\/www.svetianteknin.com\/index.php?rest_route=\/wp\/v2\/users\/2"}],"replies":[{"embeddable":true,"href":"https:\/\/www.svetianteknin.com\/index.php?rest_route=%2Fwp%2Fv2%2Fcomments&post=1905"}],"version-history":[{"count":9,"href":"https:\/\/www.svetianteknin.com\/index.php?rest_route=\/wp\/v2\/posts\/1905\/revisions"}],"predecessor-version":[{"id":1914,"href":"https:\/\/www.svetianteknin.com\/index.php?rest_route=\/wp\/v2\/posts\/1905\/revisions\/1914"}],"wp:featuredmedia":[{"embeddable":true,"href":"https:\/\/www.svetianteknin.com\/index.php?rest_route=\/wp\/v2\/media\/1896"}],"wp:attachment":[{"href":"https:\/\/www.svetianteknin.com\/index.php?rest_route=%2Fwp%2Fv2%2Fmedia&parent=1905"}],"wp:term":[{"taxonomy":"category","embeddable":true,"href":"https:\/\/www.svetianteknin.com\/index.php?rest_route=%2Fwp%2Fv2%2Fcategories&post=1905"},{"taxonomy":"post_tag","embeddable":true,"href":"https:\/\/www.svetianteknin.com\/index.php?rest_route=%2Fwp%2Fv2%2Ftags&post=1905"}],"curies":[{"name":"wp","href":"https:\/\/api.w.org\/{rel}","templated":true}]}}