{"id":1861,"date":"2021-08-08T15:54:32","date_gmt":"2021-08-08T14:54:32","guid":{"rendered":"http:\/\/www.svetianteknin.com\/?p=1861"},"modified":"2021-08-08T15:54:32","modified_gmt":"2021-08-08T14:54:32","slug":"poziv-na-molitvu-i-post-pred-svetkovinu-velike-gospe","status":"publish","type":"post","link":"https:\/\/www.svetianteknin.com\/?p=1861","title":{"rendered":"Poziv na molitvu i post pred svetkovinu Velike Gospe"},"content":{"rendered":"<p>Svim vjernicima, sve\u0107enicima, redovnicima\u00a0i redovnicama \u0160ibenske biskupije<\/p>\n<p>&nbsp;<\/p>\n<p>Broj: 251\/2021.\u00a0 \u00a0 \u00a0 \u00a0\u0160ibenik, 6. kolovoza 2021.<\/p>\n<p>&nbsp;<\/p>\n<p><strong>Predmet: Poziv na molitvu i post pred svetkovinu Velike Gospe<\/strong><\/p>\n<p>&nbsp;<\/p>\n<p>Draga bra\u0107o i sestre u vjeri Kristovoj!<\/p>\n<p>Pred nama je svetkovina Bla\u017eene Djevice Marije na nebo uznesene \u2013 Velika Gospa koju vjerni puk uvelike slavi i u Gospina sveti\u0161ta hodo\u010dasti. Na\u0161a \u0160ibenska biskupija premre\u017eena je Gospinim sveti\u0161tima, \u017eupnim crkvama, pro\u0161teni\u0161tima i kapelicama, te bogatom Marjanskom pobo\u017eno\u0161\u0107u. \u010cetiri su biskupijska Marijanskih sveti\u0161ta: Gospa od Vrpolja, Gospa od An\u0111ela na Visovcu, Gospa od Karavaja u Tisnom i Gospa od Velikog Hrvatskog Krsnog Zavjeta u Biskupiji kod Knina i u Kninu. Najstariji Gospin lik i najstarija molitva Gospi \u2013 \u0160ibenska molitva potje\u010du iz ove biskupije.<\/p>\n<p>Uo\u010di velikih blagdana u vjerni\u010dkoj tradiciji, koju \u017eelimo obnoviti, stoji dan posta i priprave na hodo\u010da\u0161\u0107e i samu svetkovinu. Svjesni vremena u kojem \u017eivimo, pandemije, prirodnih nepogoda i razli\u010ditih duhovnih kriza i tra\u017eenja,<\/p>\n<p><strong>pozivam sve vjernike, sve\u0107enike, redovnike i redovnice \u0160ibenske biskupije da u petak, 13. kolovoza 2021. za na\u0161u biskupiju bude dan molitve i posta<\/strong> s nakanama:<\/p>\n<p>&#8211; da svemogu\u0107i Bog okon\u010da dane ovih isku\u0161enja, zaustavi epidemiju i potrese, a svim stradalima da snagu vjere za nositi se s ovim nevoljama<\/p>\n<p>&#8211; da se me\u0111u vjernicima i svim ljudima dobre volje izgra\u0111uje zajedni\u0161tvo i bratstvo, me\u0111usobno razumijevanje i prihva\u0107anje drugoga<\/p>\n<p>&#8211; da Duh Sveti vodi obnovu Crkve i vjerodostojno navije\u0161tanje evan\u0111elja, kako nas je pozvao papa Franjo molitvenom nakanom za kolovoz ove godine.<\/p>\n<p>Neka se u obiteljima i u crkvama prije svete mise izmoli krunica, Gospine litanije i molitva <em>Pod obranu se tvoju utje\u010dem<\/em>. Molimo za svih koji su potrebni Bo\u017eje milosti, ohrabrenja i novog poleta, da ponovno otkrijemo obzore nade s pouzdanjem u Gospodina.<\/p>\n<p><em>Utje\u010demo se Tebi, koja svijetli\u0161 na na\u0161em putu kao znak spasenja i nade, o blaga, o mila, o slatka Djevice Marijo<\/em>.<\/p>\n<p>Neka molitva bude put u zajedni\u0161tvo i slogu koji su nam toliko potrebni u svim porama \u017eivota.<\/p>\n<p>S Bo\u017ejim blagoslovom !<\/p>\n<p>&nbsp;<\/p>\n<p>+ Tomislav Rogi\u0107, biskup<\/p>\n","protected":false},"excerpt":{"rendered":"<p>Svim vjernicima, sve\u0107enicima, redovnicima\u00a0i redovnicama \u0160ibenske biskupije &nbsp; Broj: 251\/2021.\u00a0 \u00a0 \u00a0 \u00a0\u0160ibenik, 6. kolovoza 2021. &nbsp; Predmet: Poziv na molitvu i post pred svetkovinu Velike Gospe &nbsp; Draga bra\u0107o i sestre u vjeri Kristovoj! Pred nama je svetkovina Bla\u017eene Djevice Marije na nebo uznesene \u2013 Velika Gospa koju vjerni puk uvelike slavi i u Gospina sveti\u0161ta hodo\u010dasti. Na\u0161a \u0160ibenska biskupija premre\u017eena je Gospinim sveti\u0161tima, [&hellip;]<\/p>\n","protected":false},"author":2,"featured_media":1422,"comment_status":"closed","ping_status":"closed","sticky":false,"template":"","format":"standard","meta":{"fifu_image_url":"","fifu_image_alt":"","footnotes":""},"categories":[11],"tags":[],"class_list":["post-1861","post","type-post","status-publish","format-standard","has-post-thumbnail","hentry","category-molitva-i-pjesma"],"_links":{"self":[{"href":"https:\/\/www.svetianteknin.com\/index.php?rest_route=\/wp\/v2\/posts\/1861","targetHints":{"allow":["GET"]}}],"collection":[{"href":"https:\/\/www.svetianteknin.com\/index.php?rest_route=\/wp\/v2\/posts"}],"about":[{"href":"https:\/\/www.svetianteknin.com\/index.php?rest_route=\/wp\/v2\/types\/post"}],"author":[{"embeddable":true,"href":"https:\/\/www.svetianteknin.com\/index.php?rest_route=\/wp\/v2\/users\/2"}],"replies":[{"embeddable":true,"href":"https:\/\/www.svetianteknin.com\/index.php?rest_route=%2Fwp%2Fv2%2Fcomments&post=1861"}],"version-history":[{"count":1,"href":"https:\/\/www.svetianteknin.com\/index.php?rest_route=\/wp\/v2\/posts\/1861\/revisions"}],"predecessor-version":[{"id":1862,"href":"https:\/\/www.svetianteknin.com\/index.php?rest_route=\/wp\/v2\/posts\/1861\/revisions\/1862"}],"wp:featuredmedia":[{"embeddable":true,"href":"https:\/\/www.svetianteknin.com\/index.php?rest_route=\/wp\/v2\/media\/1422"}],"wp:attachment":[{"href":"https:\/\/www.svetianteknin.com\/index.php?rest_route=%2Fwp%2Fv2%2Fmedia&parent=1861"}],"wp:term":[{"taxonomy":"category","embeddable":true,"href":"https:\/\/www.svetianteknin.com\/index.php?rest_route=%2Fwp%2Fv2%2Fcategories&post=1861"},{"taxonomy":"post_tag","embeddable":true,"href":"https:\/\/www.svetianteknin.com\/index.php?rest_route=%2Fwp%2Fv2%2Ftags&post=1861"}],"curies":[{"name":"wp","href":"https:\/\/api.w.org\/{rel}","templated":true}]}}