{"id":1852,"date":"2021-07-31T21:30:24","date_gmt":"2021-07-31T20:30:24","guid":{"rendered":"http:\/\/www.svetianteknin.com\/?p=1852"},"modified":"2021-07-31T21:30:57","modified_gmt":"2021-07-31T20:30:57","slug":"zupne-obavijesti-18-kgb-1-7-8-2021","status":"publish","type":"post","link":"https:\/\/www.svetianteknin.com\/?p=1852","title":{"rendered":"\u017dupne obavijesti, 18 KGB (1. \u2013 7. 8. 2021.)"},"content":{"rendered":"<p><strong>Raspored svetih misa: 18 KGB (1. \u2013 7. 8. 2021.)<\/strong><\/p>\n<table>\n<tbody>\n<tr>\n<td width=\"151\">Crkva<\/td>\n<td width=\"95\">Satnica<\/td>\n<td width=\"359\">Nakana<\/td>\n<\/tr>\n<tr>\n<td width=\"151\">Sveti Ante<\/td>\n<td width=\"95\">8<\/td>\n<td width=\"359\">+ Anto i Zorka Toti\u0107<\/td>\n<\/tr>\n<tr>\n<td width=\"151\">Gospa VHKZ<\/td>\n<td width=\"95\">8<\/td>\n<td width=\"359\">Na odluku<\/td>\n<\/tr>\n<tr>\n<td width=\"151\">Gospa VHKZ<\/td>\n<td width=\"95\">9:30<\/td>\n<td width=\"359\">Pro populo<\/td>\n<\/tr>\n<tr>\n<td width=\"151\">Gospa VHKZ<\/td>\n<td width=\"95\">19<\/td>\n<td width=\"359\">+ Marija Zlati\u0107<\/td>\n<\/tr>\n<\/tbody>\n<\/table>\n<p>&nbsp;<\/p>\n<table>\n<tbody>\n<tr>\n<td colspan=\"4\" width=\"624\">Ponedjeljak, 2 .kolovoza \u2013 Gospa od An\u0111ela<\/td>\n<\/tr>\n<tr>\n<td width=\"53\">7<\/td>\n<td width=\"254\">+ Ljilja<\/td>\n<td width=\"55\">19<\/td>\n<td width=\"263\">+ Anto Matijevi\u0107<\/td>\n<\/tr>\n<tr>\n<td colspan=\"4\" width=\"624\">Utorak, 3. kolovoza<\/td>\n<\/tr>\n<tr>\n<td width=\"53\">7<\/td>\n<td width=\"254\">+ Zdenka, Milka i + ob. Jezidi\u0107<\/td>\n<td width=\"55\">19<\/td>\n<td width=\"263\">+ Ivan i Ru\u017ea Bo\u017ei\u0107<\/td>\n<\/tr>\n<tr>\n<td colspan=\"4\" width=\"624\">Srijeda, 4. kolovoza \u2013 Godi\u0161njica posvete crkve<\/td>\n<\/tr>\n<tr>\n<td width=\"53\">7<\/td>\n<td width=\"254\">+\u017ertve tijekom ratova u Gr.Kninu<\/td>\n<td width=\"55\">19<\/td>\n<td width=\"263\">+ Ivo i Ana Dodig<\/td>\n<\/tr>\n<tr>\n<td colspan=\"4\" width=\"624\">\u010cetvrtak, 5. kolovoza \u2013 VRO \u201eOluja\u201c<\/td>\n<\/tr>\n<tr>\n<td width=\"53\">7<\/td>\n<td width=\"254\">+ Eva i Janko<\/td>\n<td width=\"55\">19<\/td>\n<td width=\"263\">+ Tomislav Trogrli\u0107<\/td>\n<\/tr>\n<tr>\n<td colspan=\"4\" width=\"624\">Petak, 6. kolovoza<\/td>\n<\/tr>\n<tr>\n<td width=\"53\">7<\/td>\n<td width=\"254\">+ Stipe i + ob. Duji\u0107<\/td>\n<td width=\"55\">19<\/td>\n<td width=\"263\">+ Ilija i Bla\u0161ko D\u017eanan<\/td>\n<\/tr>\n<tr>\n<td colspan=\"4\" width=\"624\">Subota, 7. kolovoza<\/td>\n<\/tr>\n<tr>\n<td width=\"53\">7<\/td>\n<td width=\"254\">+ Marijan Ivandi\u0107<\/td>\n<td width=\"55\">19<\/td>\n<td width=\"263\">+ Sre\u0107ko Ri\u0111i\u0107<\/td>\n<\/tr>\n<\/tbody>\n<\/table>\n<p><strong>\u00a0<\/strong><strong>\u00a0\u00a0\u00a0\u00a0\u00a0\u00a0\u00a0\u00a0\u00a0\u00a0 <\/strong><\/p>\n<p>Danas (nedjelja, 1.kolovoza 2021.) u 21 sati ispred crkve GVHKZ odr\u017eat \u0107e se festival duhovne glazbe \u201eSalve Regina\u201c. Pozivamo mlade i starije da do\u0111ete i slavite Boga pjesmom. Ne zaboravite povesti djecu \ud83d\ude0a<\/p>\n<p><strong>Ponedjeljak, 2. kolovoza: Gospa od An\u0111ela<\/strong>. Mise na Visovcu: 6:30, 7:30, 8:30, <strong>10:30<\/strong>, 18 sati. Tko ne mo\u017ee na Visovac, ve\u010dernju misu slavit \u0107emo u 19 sati u crkvi GVHKZ. Toga dana franejva\u010dke crkve imaju posebnu povlasticu: porcijunkulski oprost \u2013 ispovijediti se, izmoliti O\u010de na\u0161, vjerovanje, pri\u010destiti se i pomoliti na nakanu sv. Oca pape.<\/p>\n<p><strong>Srijeda: <\/strong>u 11.30 sati misa za poginule pripadnike \u201ePrvog hrvatskog redarstvenika\u201c i branitelje.<\/p>\n<p><span style=\"color: #ff0000;\"><strong>Ve\u010dernja misa u 19 sati je sve\u010dana: Godi\u0161njica posvete crkve (2015.).<\/strong><\/span> Poti\u010demo vas da se u \u0161to ve\u0107em broju odazovete i zajedno zahvalimo Bogu za dar Domovine i proslavimo posvete na\u0161e svehrvatske Crkve GVHKZ. U gradnji ove crkve sudjelovao je cijeli hrvatski narod: sve \u017eupe, redovni\u010dke zajednice, misije po svijetu, vjernici pojedina\u010dno kao i vlada RH.<\/p>\n<p><strong>\u010cetvrtak, 5. kolovoza<\/strong>: proslava VRO \u201eOluja\u201c. Misa po\u010dinje u 11:45 sati. Na misi \u0107e sudjelovati dr\u017eavni vrh. Broj vjernika u crkvu ograni\u010den je na cca 350.<\/p>\n<p><strong>Petak, 6. kolovoza<\/strong>: poslije ve\u010dernje mise je cjelono\u0107no klanjanje.<\/p>\n<p>&nbsp;<\/p>\n","protected":false},"excerpt":{"rendered":"<p>Raspored svetih misa: 18 KGB (1. \u2013 7. 8. 2021.) Crkva Satnica Nakana Sveti Ante 8 + Anto i Zorka Toti\u0107 Gospa VHKZ 8 Na odluku Gospa VHKZ 9:30 Pro populo Gospa VHKZ 19 + Marija Zlati\u0107 &nbsp; Ponedjeljak, 2 .kolovoza \u2013 Gospa od An\u0111ela 7 + Ljilja 19 + Anto Matijevi\u0107 Utorak, 3. kolovoza 7 + Zdenka, Milka i + ob. Jezidi\u0107 19 + [&hellip;]<\/p>\n","protected":false},"author":2,"featured_media":1028,"comment_status":"closed","ping_status":"closed","sticky":false,"template":"","format":"standard","meta":{"fifu_image_url":"","fifu_image_alt":"","footnotes":""},"categories":[6],"tags":[],"class_list":["post-1852","post","type-post","status-publish","format-standard","has-post-thumbnail","hentry","category-zupne-obavijesti"],"_links":{"self":[{"href":"https:\/\/www.svetianteknin.com\/index.php?rest_route=\/wp\/v2\/posts\/1852","targetHints":{"allow":["GET"]}}],"collection":[{"href":"https:\/\/www.svetianteknin.com\/index.php?rest_route=\/wp\/v2\/posts"}],"about":[{"href":"https:\/\/www.svetianteknin.com\/index.php?rest_route=\/wp\/v2\/types\/post"}],"author":[{"embeddable":true,"href":"https:\/\/www.svetianteknin.com\/index.php?rest_route=\/wp\/v2\/users\/2"}],"replies":[{"embeddable":true,"href":"https:\/\/www.svetianteknin.com\/index.php?rest_route=%2Fwp%2Fv2%2Fcomments&post=1852"}],"version-history":[{"count":2,"href":"https:\/\/www.svetianteknin.com\/index.php?rest_route=\/wp\/v2\/posts\/1852\/revisions"}],"predecessor-version":[{"id":1854,"href":"https:\/\/www.svetianteknin.com\/index.php?rest_route=\/wp\/v2\/posts\/1852\/revisions\/1854"}],"wp:featuredmedia":[{"embeddable":true,"href":"https:\/\/www.svetianteknin.com\/index.php?rest_route=\/wp\/v2\/media\/1028"}],"wp:attachment":[{"href":"https:\/\/www.svetianteknin.com\/index.php?rest_route=%2Fwp%2Fv2%2Fmedia&parent=1852"}],"wp:term":[{"taxonomy":"category","embeddable":true,"href":"https:\/\/www.svetianteknin.com\/index.php?rest_route=%2Fwp%2Fv2%2Fcategories&post=1852"},{"taxonomy":"post_tag","embeddable":true,"href":"https:\/\/www.svetianteknin.com\/index.php?rest_route=%2Fwp%2Fv2%2Ftags&post=1852"}],"curies":[{"name":"wp","href":"https:\/\/api.w.org\/{rel}","templated":true}]}}