{"id":1745,"date":"2021-05-01T20:25:59","date_gmt":"2021-05-01T19:25:59","guid":{"rendered":"http:\/\/www.svetianteknin.com\/?p=1745"},"modified":"2021-05-01T20:25:59","modified_gmt":"2021-05-01T19:25:59","slug":"zupne-obavijesti-5-vb-2-8-5-2021","status":"publish","type":"post","link":"https:\/\/www.svetianteknin.com\/?p=1745","title":{"rendered":"\u017dupne obavijesti, 5 VB (2. \u2013 8. 5. 2021.)"},"content":{"rendered":"<p><strong>Raspored svetih misa: 5 VB (2. \u2013 8. 5. 2021.)<\/strong><\/p>\n<table>\n<tbody>\n<tr>\n<td width=\"151\">Crkva<\/td>\n<td width=\"95\">Satnica<\/td>\n<td width=\"359\">Nakana<\/td>\n<\/tr>\n<tr>\n<td width=\"151\">Sveti Ante<\/td>\n<td width=\"95\">8<\/td>\n<td width=\"359\">+ Jela, Jakov i Marija Kozina<\/td>\n<\/tr>\n<tr>\n<td width=\"151\">Gospa VHKZ<\/td>\n<td width=\"95\">8<\/td>\n<td width=\"359\">+ ob. Katavi\u0107<\/td>\n<\/tr>\n<tr>\n<td width=\"151\">Gospa VHKZ<\/td>\n<td width=\"95\">9:30<\/td>\n<td width=\"359\">Pro populo<\/td>\n<\/tr>\n<tr>\n<td width=\"151\">Gospa VHKZ<\/td>\n<td width=\"95\">10:30<\/td>\n<td width=\"359\">+ \u010d.s. Jozefa<\/td>\n<\/tr>\n<tr>\n<td width=\"151\">Gospa VHKZ<\/td>\n<td width=\"95\">11:30<\/td>\n<td width=\"359\">+ Zrinka i Marko<\/td>\n<\/tr>\n<tr>\n<td width=\"151\">Gospa VHKZ<\/td>\n<td width=\"95\">18<\/td>\n<td width=\"359\">+ Dragan, Kata i Iv\u0161o Mili\u010devi\u0107<\/td>\n<\/tr>\n<tr>\n<td width=\"151\">Gospa VHKZ<\/td>\n<td width=\"95\">19<\/td>\n<td width=\"359\">+ Stjepan, Jozefina, Mirjana i Goran<\/td>\n<\/tr>\n<\/tbody>\n<\/table>\n<p>&nbsp;<\/p>\n<table>\n<tbody>\n<tr>\n<td colspan=\"4\" width=\"579\">Ponedjeljak, 3. Svibnja<\/td>\n<\/tr>\n<tr>\n<td width=\"48\">7<\/td>\n<td width=\"236\">Na odluku fra Filip<\/td>\n<td width=\"51\">19<\/td>\n<td width=\"244\">+ Anto Anu\u0161i\u0107<\/td>\n<\/tr>\n<tr>\n<td colspan=\"4\" width=\"579\">Utorak, 4. Svibnja &#8211; \u00a08. utorak sv. ante<\/td>\n<\/tr>\n<tr>\n<td width=\"48\">7<\/td>\n<td width=\"236\">+ Luca i + ob. Marjanovi\u0107<\/td>\n<td width=\"51\">19<\/td>\n<td width=\"244\">+ Karlo i + ob. Bo\u0161njak<\/td>\n<\/tr>\n<tr>\n<td colspan=\"4\" width=\"579\">Srijeda, 5. Svibnja<\/td>\n<\/tr>\n<tr>\n<td width=\"48\">7<\/td>\n<td width=\"236\">+ Miroslav<\/td>\n<td width=\"51\">19<\/td>\n<td width=\"244\">+ Nevenka<\/td>\n<\/tr>\n<tr>\n<td colspan=\"4\" width=\"579\">\u010cetvrtak, 6. Svibnja<\/td>\n<\/tr>\n<tr>\n<td width=\"48\">7<\/td>\n<td width=\"236\">Na odluku<\/td>\n<td width=\"51\">19<\/td>\n<td width=\"244\">Zahvalnica za zdravlje ob. \u0110ur\u0111a<\/td>\n<\/tr>\n<tr>\n<td colspan=\"4\" width=\"579\">Petak, 7. Svibnja<\/td>\n<\/tr>\n<tr>\n<td width=\"48\">7<\/td>\n<td width=\"236\">Na odluku<\/td>\n<td width=\"51\">19<\/td>\n<td width=\"244\">+ ob. Ljevak i Bogelji\u0107<\/td>\n<\/tr>\n<tr>\n<td colspan=\"4\" width=\"579\">Subota, 8. svibnja<\/td>\n<\/tr>\n<tr>\n<td width=\"48\">7<\/td>\n<td width=\"236\">+ Ru\u017eica, Mara i Pero<\/td>\n<td width=\"51\">19<\/td>\n<td width=\"244\">+ Stipo i Franjo<\/td>\n<\/tr>\n<\/tbody>\n<\/table>\n<p><strong>\u00a0<\/strong><\/p>\n<p><strong>Vjeronauk:<\/strong><\/p>\n<p><strong>Prvopri\u010desnici: <\/strong>O\u0160 \u201eDr. Franjo Tu\u0111man\u201c i O\u0160 \u201eDom. zahvalnosti \u00a0u subotu u 11 sati<\/p>\n<p><strong>Krizmanici: <\/strong>utorak u 10 i u 16 sati<\/p>\n<p><strong>Dje\u010dji zbor<\/strong>: subota u 10 sati\u00a0 <strong>Ministranti: <\/strong>subota u 10 sati<\/p>\n<p><strong>FRAMA:<\/strong> Petak u 18 sati u samostanu sv. Ante<\/p>\n<ol start=\"8\">\n<li><strong> utorak sv. Ante<\/strong>: poslije ve\u010dernje mise u 19 sati je pobo\u017enost za\u0161titniku na\u0161e \u017eupe.<\/li>\n<\/ol>\n<p>Srijedom, poslije ve\u010dernje mise je pobo\u017enost Svetom Josipu.<\/p>\n<p>Prvi petak u mjesecu: cijelono\u0107no klanjanje<\/p>\n<p><strong>Zaru\u010dni\u010dki te\u010daj je od 3. \u2013 6. svibnja<\/strong> u samostanskoj dvorani. Po\u010detak je u 20 sati. Nije se potrebno prijavljivati. Upis je po dolasku na predavanje. Slijede\u0107i termin te\u010daja je u listopadu.<\/p>\n","protected":false},"excerpt":{"rendered":"<p>Raspored svetih misa: 5 VB (2. \u2013 8. 5. 2021.) Crkva Satnica Nakana Sveti Ante 8 + Jela, Jakov i Marija Kozina Gospa VHKZ 8 + ob. Katavi\u0107 Gospa VHKZ 9:30 Pro populo Gospa VHKZ 10:30 + \u010d.s. Jozefa Gospa VHKZ 11:30 + Zrinka i Marko Gospa VHKZ 18 + Dragan, Kata i Iv\u0161o Mili\u010devi\u0107 Gospa VHKZ 19 + Stjepan, Jozefina, Mirjana i Goran &nbsp; [&hellip;]<\/p>\n","protected":false},"author":2,"featured_media":994,"comment_status":"closed","ping_status":"closed","sticky":false,"template":"","format":"standard","meta":{"fifu_image_url":"","fifu_image_alt":"","footnotes":""},"categories":[6],"tags":[],"class_list":["post-1745","post","type-post","status-publish","format-standard","has-post-thumbnail","hentry","category-zupne-obavijesti"],"_links":{"self":[{"href":"https:\/\/www.svetianteknin.com\/index.php?rest_route=\/wp\/v2\/posts\/1745","targetHints":{"allow":["GET"]}}],"collection":[{"href":"https:\/\/www.svetianteknin.com\/index.php?rest_route=\/wp\/v2\/posts"}],"about":[{"href":"https:\/\/www.svetianteknin.com\/index.php?rest_route=\/wp\/v2\/types\/post"}],"author":[{"embeddable":true,"href":"https:\/\/www.svetianteknin.com\/index.php?rest_route=\/wp\/v2\/users\/2"}],"replies":[{"embeddable":true,"href":"https:\/\/www.svetianteknin.com\/index.php?rest_route=%2Fwp%2Fv2%2Fcomments&post=1745"}],"version-history":[{"count":1,"href":"https:\/\/www.svetianteknin.com\/index.php?rest_route=\/wp\/v2\/posts\/1745\/revisions"}],"predecessor-version":[{"id":1746,"href":"https:\/\/www.svetianteknin.com\/index.php?rest_route=\/wp\/v2\/posts\/1745\/revisions\/1746"}],"wp:featuredmedia":[{"embeddable":true,"href":"https:\/\/www.svetianteknin.com\/index.php?rest_route=\/wp\/v2\/media\/994"}],"wp:attachment":[{"href":"https:\/\/www.svetianteknin.com\/index.php?rest_route=%2Fwp%2Fv2%2Fmedia&parent=1745"}],"wp:term":[{"taxonomy":"category","embeddable":true,"href":"https:\/\/www.svetianteknin.com\/index.php?rest_route=%2Fwp%2Fv2%2Fcategories&post=1745"},{"taxonomy":"post_tag","embeddable":true,"href":"https:\/\/www.svetianteknin.com\/index.php?rest_route=%2Fwp%2Fv2%2Ftags&post=1745"}],"curies":[{"name":"wp","href":"https:\/\/api.w.org\/{rel}","templated":true}]}}