{"id":1674,"date":"2021-02-20T21:13:46","date_gmt":"2021-02-20T20:13:46","guid":{"rendered":"http:\/\/www.svetianteknin.com\/?p=1674"},"modified":"2021-02-20T21:19:13","modified_gmt":"2021-02-20T20:19:13","slug":"zupne-obavijesti-1-kb-21-27-2-2021","status":"publish","type":"post","link":"https:\/\/www.svetianteknin.com\/?p=1674","title":{"rendered":"\u017dupne obavijesti, 1 KB (21. \u00a0\u2013 27. 2. 2021.)"},"content":{"rendered":"<p><strong>Raspored svetih misa: 1 KB (21. \u00a0\u2013 27. 2. 2021.)<\/strong><\/p>\n<table>\n<tbody>\n<tr>\n<td width=\"151\">Crkva<\/td>\n<td width=\"95\">Satnica<\/td>\n<td width=\"359\">Nakana<\/td>\n<\/tr>\n<tr>\n<td width=\"151\">Sveti Ante<\/td>\n<td width=\"95\">8<\/td>\n<td width=\"359\">+ Anto, Ana i + iz ob. Marijanovi\u0107 i Petrovi\u0107<\/td>\n<\/tr>\n<tr>\n<td width=\"151\">Gospa VHKZ<\/td>\n<td width=\"95\">8<\/td>\n<td width=\"359\"><\/td>\n<\/tr>\n<tr>\n<td width=\"151\">Gospa VHKZ<\/td>\n<td width=\"95\">9,30<\/td>\n<td width=\"359\">Pro populo<\/td>\n<\/tr>\n<tr>\n<td width=\"151\">Gospa VHKZ<\/td>\n<td width=\"95\">10:30<\/td>\n<td width=\"359\">+ Tomislav i Ljubica<\/td>\n<\/tr>\n<tr>\n<td width=\"151\">Gospa VHKZ<\/td>\n<td width=\"95\">11:30<\/td>\n<td width=\"359\">+ Ivo \u017di\u017eak<\/td>\n<\/tr>\n<tr>\n<td width=\"151\">Gospa VHKZ<\/td>\n<td width=\"95\">17<\/td>\n<td width=\"359\"><\/td>\n<\/tr>\n<tr>\n<td width=\"151\">Gospa VHKZ<\/td>\n<td width=\"95\">18<\/td>\n<td width=\"359\">+ Mijo, Manda i + iz ob. \u0160amija<\/td>\n<\/tr>\n<\/tbody>\n<\/table>\n<p>&nbsp;<\/p>\n<table>\n<tbody>\n<tr>\n<td colspan=\"4\" width=\"579\">Ponedjeljak, 22. velja\u010de<\/td>\n<\/tr>\n<tr>\n<td width=\"48\">7<\/td>\n<td width=\"236\">+ Zora Bo\u017einovi\u0107<\/td>\n<td width=\"51\">18<\/td>\n<td width=\"244\">+ Mirko<\/td>\n<\/tr>\n<tr>\n<td colspan=\"4\" width=\"579\">Utorak, 23. velja\u010de<\/td>\n<\/tr>\n<tr>\n<td width=\"48\">7<\/td>\n<td width=\"236\">+ iz ob. \u017dabi\u0107<\/td>\n<td width=\"51\">18<\/td>\n<td width=\"244\">+ \u0160\u0107epo Azinovi\u0107<\/td>\n<\/tr>\n<tr>\n<td colspan=\"4\" width=\"579\">Srijeda, 24. velja\u010de<\/td>\n<\/tr>\n<tr>\n<td width=\"48\">7<\/td>\n<td width=\"236\">+ s. Klara Bre\u010di\u0107<\/td>\n<td width=\"51\">18<\/td>\n<td width=\"244\">+ Darko Maji\u0107<\/td>\n<\/tr>\n<tr>\n<td colspan=\"4\" width=\"579\">\u010cetvrtak, 25. velja\u010de<\/td>\n<\/tr>\n<tr>\n<td width=\"48\">7<\/td>\n<td width=\"236\">+ Dinko\u00a0 Mari\u010di\u0107<\/td>\n<td width=\"51\">18<\/td>\n<td width=\"244\">+ Cvita, Jela i Marko Mandi\u0107<\/td>\n<\/tr>\n<tr>\n<td colspan=\"4\" width=\"579\">Petak, 26. velja\u010de \u2013 Put kri\u017ea<\/td>\n<\/tr>\n<tr>\n<td width=\"48\">7<\/td>\n<td width=\"236\">+ Mara Ili\u0107<\/td>\n<td width=\"51\">18<\/td>\n<td width=\"244\">+ \u017deljko Cilenjak<\/td>\n<\/tr>\n<tr>\n<td colspan=\"4\" width=\"579\">Subota, 27. velja\u010de<\/td>\n<\/tr>\n<tr>\n<td width=\"48\">7<\/td>\n<td width=\"236\">+ iz ob. \u017dili\u0107<\/td>\n<td width=\"51\">18<\/td>\n<td width=\"244\">+ Ana Petri\u010devi\u0107<\/td>\n<\/tr>\n<\/tbody>\n<\/table>\n<p>&nbsp;<\/p>\n<p><strong>Vjeronauk za prvopri\u010desnike<\/strong>: O\u0160 \u201eDr. Franjo Tu\u0111man\u201c ponedjeljak u 16; O\u0160 \u201eDom. zahvalnosti petak 11 i 16 sati<\/p>\n<p><strong>Vjeronauk za krizmanike<\/strong>: utorak 10 i 16 sati<\/p>\n<p><strong>Frama:<\/strong> po dogovoru<\/p>\n<p>&nbsp;<\/p>\n<p><strong>Dje\u010dji zbor<\/strong>: subota u 10 sati<\/p>\n<p><strong>Ministranti: <\/strong>subota u 10 sati<\/p>\n<p>U tijeku je molitvena akcija <strong>\u201e40 dana za \u017eivot\u201c. <\/strong>Ovom ljudskom molitvenom akcijom \u017eelimo ukazati na zlo\u010din poba\u010daja te da se zakonom za\u0161titi \u017eivot svakog za\u010detog djeteta. Kao jasan znak da su, osim \u017eena u za\u0161titu \u017eivota uklju\u010deni i o\u010devi, imamo \u201e<strong>Stra\u017ea sv. Josipa\u201c <\/strong>koja moli subotom od 15-16 sati.<\/p>\n<p><strong>U petak je put kri\u017ea u 18 sati<\/strong>. Poslije puta kri\u017ea slijedi ve\u010dernja misa. Poti\u010demo vas odvojite vrijeme i sudjelujete na pobo\u017enosti Isusova Kri\u017enog puta.<\/p>\n<p>&nbsp;<\/p>\n","protected":false},"excerpt":{"rendered":"<p>Raspored svetih misa: 1 KB (21. \u00a0\u2013 27. 2. 2021.) Crkva Satnica Nakana Sveti Ante 8 + Anto, Ana i + iz ob. Marijanovi\u0107 i Petrovi\u0107 Gospa VHKZ 8 Gospa VHKZ 9,30 Pro populo Gospa VHKZ 10:30 + Tomislav i Ljubica Gospa VHKZ 11:30 + Ivo \u017di\u017eak Gospa VHKZ 17 Gospa VHKZ 18 + Mijo, Manda i + iz ob. \u0160amija &nbsp; Ponedjeljak, 22. velja\u010de [&hellip;]<\/p>\n","protected":false},"author":2,"featured_media":1659,"comment_status":"closed","ping_status":"closed","sticky":false,"template":"","format":"standard","meta":{"fifu_image_url":"","fifu_image_alt":"","footnotes":""},"categories":[6],"tags":[],"class_list":["post-1674","post","type-post","status-publish","format-standard","has-post-thumbnail","hentry","category-zupne-obavijesti"],"_links":{"self":[{"href":"https:\/\/www.svetianteknin.com\/index.php?rest_route=\/wp\/v2\/posts\/1674","targetHints":{"allow":["GET"]}}],"collection":[{"href":"https:\/\/www.svetianteknin.com\/index.php?rest_route=\/wp\/v2\/posts"}],"about":[{"href":"https:\/\/www.svetianteknin.com\/index.php?rest_route=\/wp\/v2\/types\/post"}],"author":[{"embeddable":true,"href":"https:\/\/www.svetianteknin.com\/index.php?rest_route=\/wp\/v2\/users\/2"}],"replies":[{"embeddable":true,"href":"https:\/\/www.svetianteknin.com\/index.php?rest_route=%2Fwp%2Fv2%2Fcomments&post=1674"}],"version-history":[{"count":2,"href":"https:\/\/www.svetianteknin.com\/index.php?rest_route=\/wp\/v2\/posts\/1674\/revisions"}],"predecessor-version":[{"id":1678,"href":"https:\/\/www.svetianteknin.com\/index.php?rest_route=\/wp\/v2\/posts\/1674\/revisions\/1678"}],"wp:featuredmedia":[{"embeddable":true,"href":"https:\/\/www.svetianteknin.com\/index.php?rest_route=\/wp\/v2\/media\/1659"}],"wp:attachment":[{"href":"https:\/\/www.svetianteknin.com\/index.php?rest_route=%2Fwp%2Fv2%2Fmedia&parent=1674"}],"wp:term":[{"taxonomy":"category","embeddable":true,"href":"https:\/\/www.svetianteknin.com\/index.php?rest_route=%2Fwp%2Fv2%2Fcategories&post=1674"},{"taxonomy":"post_tag","embeddable":true,"href":"https:\/\/www.svetianteknin.com\/index.php?rest_route=%2Fwp%2Fv2%2Ftags&post=1674"}],"curies":[{"name":"wp","href":"https:\/\/api.w.org\/{rel}","templated":true}]}}