{"id":1639,"date":"2021-02-06T21:43:00","date_gmt":"2021-02-06T20:43:00","guid":{"rendered":"http:\/\/www.svetianteknin.com\/?p=1639"},"modified":"2021-02-06T21:43:00","modified_gmt":"2021-02-06T20:43:00","slug":"zupne-obavijesti-5-kgb-7-13-2-2021","status":"publish","type":"post","link":"https:\/\/www.svetianteknin.com\/?p=1639","title":{"rendered":"\u017dupne obavijesti, 5. KGB (7. \u00a0\u2013 13. 2. 2021.)"},"content":{"rendered":"<p><strong>Raspored svetih misa: 5 KGB (7. \u00a0\u2013 13. 2. 2021.)<\/strong><\/p>\n<table>\n<tbody>\n<tr>\n<td width=\"151\">Crkva<\/td>\n<td width=\"95\">Satnica<\/td>\n<td width=\"359\">Nakana<\/td>\n<\/tr>\n<tr>\n<td width=\"151\">Sveti Ante<\/td>\n<td width=\"95\">8<\/td>\n<td width=\"359\">+ Luca Antunovi\u0107<\/td>\n<\/tr>\n<tr>\n<td width=\"151\">Gospa VHKZ<\/td>\n<td width=\"95\">8<\/td>\n<td width=\"359\">+ iz ob. Bla\u017e<\/td>\n<\/tr>\n<tr>\n<td width=\"151\">Gospa VHKZ<\/td>\n<td width=\"95\">9,30<\/td>\n<td width=\"359\">Pro populo<\/td>\n<\/tr>\n<tr>\n<td width=\"151\">Gospa VHKZ<\/td>\n<td width=\"95\">10:30<\/td>\n<td width=\"359\">+ Kata,Anto i Nikola<\/td>\n<\/tr>\n<tr>\n<td width=\"151\">Gospa VHKZ<\/td>\n<td width=\"95\">11:30<\/td>\n<td width=\"359\">+ Mara i Mi\u0107o<\/td>\n<\/tr>\n<tr>\n<td width=\"151\">Gospa VHKZ<\/td>\n<td width=\"95\">17<\/td>\n<td width=\"359\">+ Marina, Stipe, \u017deljka i + iz ob. Mi\u0161kovi\u0107<\/td>\n<\/tr>\n<tr>\n<td width=\"151\">Gospa VHKZ<\/td>\n<td width=\"95\">18<\/td>\n<td width=\"359\">+ iz ob. Dujmovi\u0107 i Ivo\u0161<\/td>\n<\/tr>\n<\/tbody>\n<\/table>\n<p>&nbsp;<\/p>\n<table>\n<tbody>\n<tr>\n<td colspan=\"4\" width=\"579\">Ponedjeljak, 8. velja\u010de<\/td>\n<\/tr>\n<tr>\n<td width=\"48\">7<\/td>\n<td width=\"236\">Na odluku<\/td>\n<td width=\"51\">18<\/td>\n<td width=\"244\">+ iz ob. Elez<\/td>\n<\/tr>\n<tr>\n<td colspan=\"4\" width=\"579\">Utorak, 9. velja\u010de<\/td>\n<\/tr>\n<tr>\n<td width=\"48\">7<\/td>\n<td width=\"236\">+ Stjepan Grabovac<\/td>\n<td width=\"51\">18<\/td>\n<td width=\"244\">+ Branko i + iz ob. Bla\u017eevvi\u0107<\/td>\n<\/tr>\n<tr>\n<td colspan=\"4\" width=\"579\">Srijeda, 10. velja\u010de \u2013 Bl. Alojzije Stepinac<\/td>\n<\/tr>\n<tr>\n<td width=\"48\">7<\/td>\n<td width=\"236\">+ Ivka i Petar Leli\u0107<\/td>\n<td width=\"51\">18<\/td>\n<td width=\"244\">Na \u010dast bl. Alojzija<\/td>\n<\/tr>\n<tr>\n<td colspan=\"4\" width=\"579\">\u010cetvrtak, 11. velja\u010de \u2013 Gospa Lurdska, Dan bolesnika<\/td>\n<\/tr>\n<tr>\n<td width=\"48\">7<\/td>\n<td width=\"236\">+ Ivka i Ru\u017ea<\/td>\n<td width=\"51\">18<\/td>\n<td width=\"244\">+ Vinko<\/td>\n<\/tr>\n<tr>\n<td colspan=\"4\" width=\"579\">Petak, 12. velja\u010de<\/td>\n<\/tr>\n<tr>\n<td width=\"48\">7<\/td>\n<td width=\"236\">+ Marija, Mate i + iz ob. \u017darkovi\u0107<\/td>\n<td width=\"51\">18<\/td>\n<td width=\"244\">+ Vladimir, Anto i Serafina<\/td>\n<\/tr>\n<tr>\n<td colspan=\"4\" width=\"579\">Subota, 13. velja\u010de<\/td>\n<\/tr>\n<tr>\n<td width=\"48\">7<\/td>\n<td width=\"236\">+ Ilija Jeli\u0107<\/td>\n<td width=\"51\">18<\/td>\n<td width=\"244\">+ Dragica \u010cujec<\/td>\n<\/tr>\n<\/tbody>\n<\/table>\n<p>&nbsp;<\/p>\n<p><strong>Vjeronauk za prvopri\u010desnike<\/strong>: O\u0160 \u201eDr. Franjo Tu\u0111man\u201c ponedjeljak u 16; O\u0160 \u201eDom. zahvalnosti petak 11 i 16 sati<\/p>\n<p><strong>Vjeronauk za krizmanike<\/strong>: utorak 10 i 16 sati<\/p>\n<p><strong>Frama:<\/strong> petak u 18<\/p>\n<p>&nbsp;<\/p>\n<p><strong>10.velja\u010de \u2013SRIJEDA<\/strong>: <strong><u>Bl. Alojzije Stepinac<\/u><\/strong>, ve\u010dernja misa \u0107e biti pjevana. Molimo vas da sudjelujete na ovoj svetoj misi da Bog po zagovoru bl. Alojzija \u010duva na\u0161 hrvatski narod u ovim nesigurnim i izazovnim vremenima.<\/p>\n<p><strong>11.velja\u010de \u2013 \u010cETVRTAK<u>: Gospa Lurdska<\/u><\/strong>, dan bolesnika \u2013 na ve\u010dernjoj misi preporu\u010dit \u0107emo se zagovoru Gospe Lurdske za sve na\u0161e bolesnike, a zdrave da sa\u010duva u zdravlju. Poslije mise bolesnike \u0107emo pomazati bolesni\u010dkim uljem.<\/p>\n<p>&nbsp;<\/p>\n","protected":false},"excerpt":{"rendered":"<p>Raspored svetih misa: 5 KGB (7. \u00a0\u2013 13. 2. 2021.) Crkva Satnica Nakana Sveti Ante 8 + Luca Antunovi\u0107 Gospa VHKZ 8 + iz ob. Bla\u017e Gospa VHKZ 9,30 Pro populo Gospa VHKZ 10:30 + Kata,Anto i Nikola Gospa VHKZ 11:30 + Mara i Mi\u0107o Gospa VHKZ 17 + Marina, Stipe, \u017deljka i + iz ob. Mi\u0161kovi\u0107 Gospa VHKZ 18 + iz ob. Dujmovi\u0107 i [&hellip;]<\/p>\n","protected":false},"author":2,"featured_media":1423,"comment_status":"closed","ping_status":"closed","sticky":false,"template":"","format":"standard","meta":{"fifu_image_url":"","fifu_image_alt":"","footnotes":""},"categories":[6],"tags":[],"class_list":["post-1639","post","type-post","status-publish","format-standard","has-post-thumbnail","hentry","category-zupne-obavijesti"],"_links":{"self":[{"href":"https:\/\/www.svetianteknin.com\/index.php?rest_route=\/wp\/v2\/posts\/1639","targetHints":{"allow":["GET"]}}],"collection":[{"href":"https:\/\/www.svetianteknin.com\/index.php?rest_route=\/wp\/v2\/posts"}],"about":[{"href":"https:\/\/www.svetianteknin.com\/index.php?rest_route=\/wp\/v2\/types\/post"}],"author":[{"embeddable":true,"href":"https:\/\/www.svetianteknin.com\/index.php?rest_route=\/wp\/v2\/users\/2"}],"replies":[{"embeddable":true,"href":"https:\/\/www.svetianteknin.com\/index.php?rest_route=%2Fwp%2Fv2%2Fcomments&post=1639"}],"version-history":[{"count":1,"href":"https:\/\/www.svetianteknin.com\/index.php?rest_route=\/wp\/v2\/posts\/1639\/revisions"}],"predecessor-version":[{"id":1640,"href":"https:\/\/www.svetianteknin.com\/index.php?rest_route=\/wp\/v2\/posts\/1639\/revisions\/1640"}],"wp:featuredmedia":[{"embeddable":true,"href":"https:\/\/www.svetianteknin.com\/index.php?rest_route=\/wp\/v2\/media\/1423"}],"wp:attachment":[{"href":"https:\/\/www.svetianteknin.com\/index.php?rest_route=%2Fwp%2Fv2%2Fmedia&parent=1639"}],"wp:term":[{"taxonomy":"category","embeddable":true,"href":"https:\/\/www.svetianteknin.com\/index.php?rest_route=%2Fwp%2Fv2%2Fcategories&post=1639"},{"taxonomy":"post_tag","embeddable":true,"href":"https:\/\/www.svetianteknin.com\/index.php?rest_route=%2Fwp%2Fv2%2Ftags&post=1639"}],"curies":[{"name":"wp","href":"https:\/\/api.w.org\/{rel}","templated":true}]}}