{"id":1618,"date":"2021-01-16T20:48:13","date_gmt":"2021-01-16T19:48:13","guid":{"rendered":"http:\/\/www.svetianteknin.com\/?p=1618"},"modified":"2021-01-16T20:57:18","modified_gmt":"2021-01-16T19:57:18","slug":"zupne-obavijesti-2-kgb-17-24-sijecnja-2021","status":"publish","type":"post","link":"https:\/\/www.svetianteknin.com\/?p=1618","title":{"rendered":"\u017dupne obavijesti,  2 KGB (17. &#8211; 24. sije\u010dnja 2021.)"},"content":{"rendered":"<p><strong>Raspored svetih misa: 2 KGB (17. 1. . \u2013 24. 1. 2021.)<\/strong><\/p>\n<table>\n<tbody>\n<tr>\n<td width=\"151\">Crkva<\/td>\n<td width=\"95\">Satnica<\/td>\n<td width=\"359\">Nakana<\/td>\n<\/tr>\n<tr>\n<td width=\"151\">Sveti Ante<\/td>\n<td width=\"95\">8<\/td>\n<td width=\"359\">+ Ante i pok iz ob. Kne\u017eevi\u0107<\/td>\n<\/tr>\n<tr>\n<td width=\"151\">Gospa VHKZ<\/td>\n<td width=\"95\">8<\/td>\n<td width=\"359\"><\/td>\n<\/tr>\n<tr>\n<td width=\"151\">Gospa VHKZ<\/td>\n<td width=\"95\">9,30<\/td>\n<td width=\"359\">Pro populo<\/td>\n<\/tr>\n<tr>\n<td width=\"151\">Gospa VHKZ<\/td>\n<td width=\"95\">10:30<\/td>\n<td width=\"359\">+ Marija, stjepan, Jure i Ankica<\/td>\n<\/tr>\n<tr>\n<td width=\"151\">Gospa VHKZ<\/td>\n<td width=\"95\">11:30<\/td>\n<td width=\"359\">+ Ljubomir Ljubi\u0107<\/td>\n<\/tr>\n<tr>\n<td width=\"151\">Gospa VHKZ<\/td>\n<td width=\"95\">17<\/td>\n<td width=\"359\">+ Ru\u017ea i Luka<\/td>\n<\/tr>\n<tr>\n<td width=\"151\">Gospa VHKZ<\/td>\n<td width=\"95\">18<\/td>\n<td width=\"359\">+ Ante \u0160imi\u0107<\/td>\n<\/tr>\n<\/tbody>\n<\/table>\n<p>&nbsp;<\/p>\n<table>\n<tbody>\n<tr>\n<td colspan=\"4\" width=\"579\">Ponedjeljak, 18. sije\u010dnja<\/td>\n<\/tr>\n<tr>\n<td width=\"48\">7<\/td>\n<td width=\"236\">+ ob. Lovri\u0107<\/td>\n<td width=\"51\">18<\/td>\n<td width=\"244\">+ Ljuba Matijevi\u0107<\/td>\n<\/tr>\n<tr>\n<td colspan=\"4\" width=\"579\">Utorak, 19. sije\u010dnja<\/td>\n<\/tr>\n<tr>\n<td width=\"48\">7<\/td>\n<td width=\"236\">Na odluku fra Maria Leme<\/td>\n<td width=\"51\">18<\/td>\n<td width=\"244\">+ Ivka i Stjepo<\/td>\n<\/tr>\n<tr>\n<td colspan=\"4\" width=\"579\">Srijeda, 20. sije\u010dnja<\/td>\n<\/tr>\n<tr>\n<td width=\"48\">7<\/td>\n<td width=\"236\">+ Ivan Buljevi\u0107<\/td>\n<td width=\"51\">18<\/td>\n<td width=\"244\">+ Ivo, Jela, Stipo i Marija<\/td>\n<\/tr>\n<tr>\n<td colspan=\"4\" width=\"579\">\u010cetvrtak, 21. sije\u010dnja<\/td>\n<\/tr>\n<tr>\n<td width=\"48\">7<\/td>\n<td width=\"236\">Na \u010dast rana Isusovih<\/td>\n<td width=\"51\">18<\/td>\n<td width=\"244\">+ Stipe, Mladen, Sanja, Ivo, Anica i Ivica<\/td>\n<\/tr>\n<tr>\n<td colspan=\"4\" width=\"579\">Petak, 22. sije\u010dnja<\/td>\n<\/tr>\n<tr>\n<td width=\"48\">7<\/td>\n<td width=\"236\">Na \u010dast rana Isusovih<\/td>\n<td width=\"51\">18<\/td>\n<td width=\"244\">+ + Stipe Djak<\/td>\n<\/tr>\n<tr>\n<td colspan=\"4\" width=\"579\">Subota, 23. sije\u010dnja<\/td>\n<\/tr>\n<tr>\n<td width=\"48\">7<\/td>\n<td width=\"236\">Na \u010dast rana Isusovih<\/td>\n<td width=\"51\">18<\/td>\n<td width=\"244\">+ + Monika i Petar<\/td>\n<\/tr>\n<\/tbody>\n<\/table>\n<p>Ju\u010der, 16. sije\u010dnja 2021. godine u Gra\u010dacu je zare\u0111en za sve\u0107enika na\u0161 \u017eupljanin fra Nikola \u017dulj. Fra Nikolu preporu\u010dujem u va\u0161e molitve te da svoju slu\u017ebu vr\u0161i na \u0161to ve\u0107u slavu Bo\u017eju<\/p>\n<p>Molitvena ve\u010der \u201eVjetar Bo\u017eji\u201c, ponedjeljak, 18. sije\u010dnja u 20 sati u crkvi GVHKZ<\/p>\n<p>Vjeronauk za prvopri\u010desnike: O\u0160 \u201eDr. Franjo Tu\u0111man\u201c ponedjeljak u 16; O\u0160 \u201eD.Zahvalnosti petak 11 i 16 sati<\/p>\n<p>Vjeronauk za krizmanike: najavit \u0107emo ga slijede\u0107i tjedan<\/p>\n<p>Frama: petak u 18<\/p>\n<p>Caritas izvje\u0161taj: U akciji smo prikupili i poslali za Caritas sisa\u010dke biskupije 3 tone pomo\u0107i u hrani i higijenskim potrep\u0161tinama. U \u0161krabicama smo prikupili 28.620,00 kn. Zaokru\u017eili smo i uplatili 30.000,00 kn<\/p>\n","protected":false},"excerpt":{"rendered":"<p>Raspored svetih misa: 2 KGB (17. 1. . \u2013 24. 1. 2021.) Crkva Satnica Nakana Sveti Ante 8 + Ante i pok iz ob. Kne\u017eevi\u0107 Gospa VHKZ 8 Gospa VHKZ 9,30 Pro populo Gospa VHKZ 10:30 + Marija, stjepan, Jure i Ankica Gospa VHKZ 11:30 + Ljubomir Ljubi\u0107 Gospa VHKZ 17 + Ru\u017ea i Luka Gospa VHKZ 18 + Ante \u0160imi\u0107 &nbsp; Ponedjeljak, 18. sije\u010dnja [&hellip;]<\/p>\n","protected":false},"author":2,"featured_media":1499,"comment_status":"closed","ping_status":"closed","sticky":false,"template":"","format":"standard","meta":{"fifu_image_url":"","fifu_image_alt":"","footnotes":""},"categories":[1],"tags":[],"class_list":["post-1618","post","type-post","status-publish","format-standard","has-post-thumbnail","hentry","category-naslovnica"],"_links":{"self":[{"href":"https:\/\/www.svetianteknin.com\/index.php?rest_route=\/wp\/v2\/posts\/1618","targetHints":{"allow":["GET"]}}],"collection":[{"href":"https:\/\/www.svetianteknin.com\/index.php?rest_route=\/wp\/v2\/posts"}],"about":[{"href":"https:\/\/www.svetianteknin.com\/index.php?rest_route=\/wp\/v2\/types\/post"}],"author":[{"embeddable":true,"href":"https:\/\/www.svetianteknin.com\/index.php?rest_route=\/wp\/v2\/users\/2"}],"replies":[{"embeddable":true,"href":"https:\/\/www.svetianteknin.com\/index.php?rest_route=%2Fwp%2Fv2%2Fcomments&post=1618"}],"version-history":[{"count":2,"href":"https:\/\/www.svetianteknin.com\/index.php?rest_route=\/wp\/v2\/posts\/1618\/revisions"}],"predecessor-version":[{"id":1620,"href":"https:\/\/www.svetianteknin.com\/index.php?rest_route=\/wp\/v2\/posts\/1618\/revisions\/1620"}],"wp:featuredmedia":[{"embeddable":true,"href":"https:\/\/www.svetianteknin.com\/index.php?rest_route=\/wp\/v2\/media\/1499"}],"wp:attachment":[{"href":"https:\/\/www.svetianteknin.com\/index.php?rest_route=%2Fwp%2Fv2%2Fmedia&parent=1618"}],"wp:term":[{"taxonomy":"category","embeddable":true,"href":"https:\/\/www.svetianteknin.com\/index.php?rest_route=%2Fwp%2Fv2%2Fcategories&post=1618"},{"taxonomy":"post_tag","embeddable":true,"href":"https:\/\/www.svetianteknin.com\/index.php?rest_route=%2Fwp%2Fv2%2Ftags&post=1618"}],"curies":[{"name":"wp","href":"https:\/\/api.w.org\/{rel}","templated":true}]}}