{"id":1583,"date":"2020-12-19T22:52:27","date_gmt":"2020-12-19T21:52:27","guid":{"rendered":"http:\/\/www.svetianteknin.com\/?p=1583"},"modified":"2020-12-19T22:53:12","modified_gmt":"2020-12-19T21:53:12","slug":"zupne-obavijesti-4-db-20-27-12-2020","status":"publish","type":"post","link":"https:\/\/www.svetianteknin.com\/?p=1583","title":{"rendered":"\u017dupne obavijesti, 4. DB (20. &#8211; 27. 12. 2020.)"},"content":{"rendered":"<p><strong>Raspored svetih misa: 4. DB (20. &#8211; 27. 12. 2020.)<\/strong><\/p>\n<table>\n<tbody>\n<tr>\n<td width=\"151\">Crkva<\/td>\n<td width=\"95\">Satnica<\/td>\n<td width=\"359\">Nakana<\/td>\n<\/tr>\n<tr>\n<td width=\"151\">Sveti Ante<\/td>\n<td width=\"95\">8<\/td>\n<td width=\"359\">+ iz ob. Stjepan\u010devi\u0107 i Mari\u0107<\/td>\n<\/tr>\n<tr>\n<td width=\"151\">Gospa VHKZ<\/td>\n<td width=\"95\">8<\/td>\n<td width=\"359\"><\/td>\n<\/tr>\n<tr>\n<td width=\"151\">Gospa VHKZ<\/td>\n<td width=\"95\">9,30<\/td>\n<td width=\"359\">Pro populo<\/td>\n<\/tr>\n<tr>\n<td width=\"151\">Gospa VHKZ<\/td>\n<td width=\"95\">10:30<\/td>\n<td width=\"359\"><\/td>\n<\/tr>\n<tr>\n<td width=\"151\">Gospa VHKZ<\/td>\n<td width=\"95\">11:30<\/td>\n<td width=\"359\">+ Stjepan Majstorovi\u0107<\/td>\n<\/tr>\n<tr>\n<td width=\"151\">Gospa VHKZ<\/td>\n<td width=\"95\">17<\/td>\n<td width=\"359\"><\/td>\n<\/tr>\n<tr>\n<td width=\"151\">Gospa VHKZ<\/td>\n<td width=\"95\">18<\/td>\n<td width=\"359\">+ Mirko, Marija i Mia<\/td>\n<\/tr>\n<\/tbody>\n<\/table>\n<p>&nbsp;<\/p>\n<table>\n<tbody>\n<tr>\n<td colspan=\"4\" width=\"569\">Ponedjeljak, 21. prosinca<\/td>\n<\/tr>\n<tr>\n<td width=\"47\">6<\/td>\n<td width=\"236\">+ iz ob. Konforta<\/td>\n<td width=\"43\"><\/td>\n<td width=\"244\"><\/td>\n<\/tr>\n<tr>\n<td width=\"47\">6:30<\/td>\n<td width=\"236\">+ Pavo i Ana<\/td>\n<td width=\"43\">18<\/td>\n<td width=\"244\">+ Sta\u017eija, Franjo i + iz ob.Miljanovi\u0107<\/td>\n<\/tr>\n<tr>\n<td colspan=\"4\" width=\"569\">Utorak, 22. prosinca<\/td>\n<\/tr>\n<tr>\n<td width=\"47\">6<\/td>\n<td width=\"236\">+ Bla\u017een, Marinko i Josip<\/td>\n<td width=\"43\"><\/td>\n<td width=\"244\"><\/td>\n<\/tr>\n<tr>\n<td width=\"47\">6:30<\/td>\n<td width=\"236\">+ Franjo i An\u0111a<\/td>\n<td width=\"43\">18<\/td>\n<td width=\"244\">+ Marko i njegovi pokojni<\/td>\n<\/tr>\n<tr>\n<td colspan=\"4\" width=\"569\">Srijeda, 23. prosinca<\/td>\n<\/tr>\n<tr>\n<td width=\"47\">6<\/td>\n<td width=\"236\">+ iz ob. Jovanovi\u0107<\/td>\n<td width=\"43\">18<\/td>\n<td width=\"244\">+ iz ob. Ro\u0161a<\/td>\n<\/tr>\n<tr>\n<td width=\"47\">6:30<\/td>\n<td width=\"236\"><\/td>\n<td width=\"43\"><\/td>\n<td width=\"244\"><\/td>\n<\/tr>\n<tr>\n<td colspan=\"4\" width=\"569\">\u010cetvrtak, 24. prosinca &#8211; BADNJAK<\/td>\n<\/tr>\n<tr>\n<td width=\"47\">6<\/td>\n<td width=\"236\">+ Bojan i Ivan<\/td>\n<td width=\"43\">6:30<\/td>\n<td width=\"244\"><\/td>\n<\/tr>\n<tr>\n<td colspan=\"4\" width=\"569\">Petak, 25. prosinca &#8211; BO\u017dI\u0106<\/td>\n<\/tr>\n<tr>\n<td width=\"47\">8<\/td>\n<td width=\"236\">+ Frano i Ivan \u0160egrt<\/td>\n<td width=\"43\">8<\/td>\n<td width=\"244\"><\/td>\n<\/tr>\n<tr>\n<td width=\"47\">9:30<\/td>\n<td width=\"236\">Pro populo<\/td>\n<td width=\"43\">10:30<\/td>\n<td width=\"244\"><\/td>\n<\/tr>\n<tr>\n<td width=\"47\">11:30<\/td>\n<td width=\"236\">+ Ljubomir Ljubi\u0107<\/td>\n<td width=\"43\">17<\/td>\n<td width=\"244\"><\/td>\n<\/tr>\n<tr>\n<td width=\"47\"><\/td>\n<td width=\"236\"><\/td>\n<td width=\"43\">18<\/td>\n<td width=\"244\">+ Bo\u017eo Samard\u017eija<\/td>\n<\/tr>\n<tr>\n<td colspan=\"4\" width=\"569\">Subota, 26. prosinca \u2013 Sv. Stjepan<\/td>\n<\/tr>\n<tr>\n<td width=\"47\">8<\/td>\n<td width=\"236\">+ iz ob. \u0160trbac i Jure\u0161i\u0107<\/td>\n<td width=\"43\">9:30<\/td>\n<td width=\"244\">+ Stipo Smolji\u0107<\/td>\n<\/tr>\n<tr>\n<td width=\"47\"><\/td>\n<td width=\"236\"><\/td>\n<td width=\"43\">18<\/td>\n<td width=\"244\">+ iz ob. Lujanovi\u0107 i Erenda<\/td>\n<\/tr>\n<\/tbody>\n<\/table>\n<p>&nbsp;<\/p>\n<p><strong>Bolesnici: <\/strong>Ako se od starijih ili bolesnih na\u0161ih \u017eupljana \u017eeli ispovijedati, neka nam netko javi i upi\u0161e ih.<\/p>\n<p><strong>Blagoslov obitelji<\/strong>: U sakristiji mo\u017eete uzeti blagoslovljenu vodu, molitvu i sli\u010dicu\u00a0 kao i svije\u0107e za Bo\u017ei\u0107<strong>. Voda je u bo\u010dicama \u2013 jedna bo\u010dica na jednu obitelj. <\/strong><\/p>\n<p><strong>Svi koji \u017eele i mogu nov\u010dano pomo\u0107i u izradu Puta kri\u017ea mogu to u\u010diniti poslije svetih misa. <\/strong>Ukoliko bude vi\u0161ka novca, nastavit \u0107emo tapecirati klupe.<\/p>\n<p><strong>\u0160to se ti\u010de materijalne pomo\u0107i \u017eupi i crkvi: napominjemo da su svi darovi dobrovoljni te nitko nema obvezu.<\/strong><\/p>\n<p><strong>Raspored svetih misa:<\/strong> do Badnjeg dana, raspored misa je: zornice u 6 i 6:30, a ve\u010dernja u 18 sati. Za vrijeme svih misa bit \u0107e prigoda za ispovijedati se. Na Badnju ve\u010der ne \u0107e biti prigode za ispovjed.<\/p>\n<p>Raspored misa na Badnju ve\u010der (polno\u0107ke) \u010detvrtak: 20, 21 i 22 sata<\/p>\n<p>Bo\u017ei\u0107, petak: Sv. Ante u 8, GVHKZ u 8, 9:30, 10:30, 11:30, 17 i 18 sati<\/p>\n<p>Sv. Stjepan, subota: Sv. Ante u 8, GVHKZ u 9:30 i 18 sati<\/p>\n<p>Sveta obitelj, slijede\u0107a nedjelja: Sv. Ante u 8, GVHKZ u 8, 9:30, 10:30, 11:30, 17 i 18 sati<\/p>\n<p><strong><u>\u00a0<\/u><\/strong><\/p>\n<p><strong><u>Prema veli\u010dini na\u0161e crkve, za polno\u0107ku na misama mo\u017ee biti oko 160 vjernika po svakoj misi: <\/u><\/strong>Molim vas da po\u0161tujete nametnute mjere o okupljanjima, kao i kori\u0161tenje maskice. Tako\u0111er vas molimo u crkvi sjedite po obiteljskim skupinama.<\/p>\n<p><strong>\u00a0<\/strong><\/p>\n","protected":false},"excerpt":{"rendered":"<p>Raspored svetih misa: 4. DB (20. &#8211; 27. 12. 2020.) Crkva Satnica Nakana Sveti Ante 8 + iz ob. Stjepan\u010devi\u0107 i Mari\u0107 Gospa VHKZ 8 Gospa VHKZ 9,30 Pro populo Gospa VHKZ 10:30 Gospa VHKZ 11:30 + Stjepan Majstorovi\u0107 Gospa VHKZ 17 Gospa VHKZ 18 + Mirko, Marija i Mia &nbsp; Ponedjeljak, 21. prosinca 6 + iz ob. Konforta 6:30 + Pavo i Ana 18 [&hellip;]<\/p>\n","protected":false},"author":2,"featured_media":1421,"comment_status":"closed","ping_status":"closed","sticky":false,"template":"","format":"standard","meta":{"fifu_image_url":"","fifu_image_alt":"","footnotes":""},"categories":[6],"tags":[],"class_list":["post-1583","post","type-post","status-publish","format-standard","has-post-thumbnail","hentry","category-zupne-obavijesti"],"_links":{"self":[{"href":"https:\/\/www.svetianteknin.com\/index.php?rest_route=\/wp\/v2\/posts\/1583","targetHints":{"allow":["GET"]}}],"collection":[{"href":"https:\/\/www.svetianteknin.com\/index.php?rest_route=\/wp\/v2\/posts"}],"about":[{"href":"https:\/\/www.svetianteknin.com\/index.php?rest_route=\/wp\/v2\/types\/post"}],"author":[{"embeddable":true,"href":"https:\/\/www.svetianteknin.com\/index.php?rest_route=\/wp\/v2\/users\/2"}],"replies":[{"embeddable":true,"href":"https:\/\/www.svetianteknin.com\/index.php?rest_route=%2Fwp%2Fv2%2Fcomments&post=1583"}],"version-history":[{"count":2,"href":"https:\/\/www.svetianteknin.com\/index.php?rest_route=\/wp\/v2\/posts\/1583\/revisions"}],"predecessor-version":[{"id":1585,"href":"https:\/\/www.svetianteknin.com\/index.php?rest_route=\/wp\/v2\/posts\/1583\/revisions\/1585"}],"wp:featuredmedia":[{"embeddable":true,"href":"https:\/\/www.svetianteknin.com\/index.php?rest_route=\/wp\/v2\/media\/1421"}],"wp:attachment":[{"href":"https:\/\/www.svetianteknin.com\/index.php?rest_route=%2Fwp%2Fv2%2Fmedia&parent=1583"}],"wp:term":[{"taxonomy":"category","embeddable":true,"href":"https:\/\/www.svetianteknin.com\/index.php?rest_route=%2Fwp%2Fv2%2Fcategories&post=1583"},{"taxonomy":"post_tag","embeddable":true,"href":"https:\/\/www.svetianteknin.com\/index.php?rest_route=%2Fwp%2Fv2%2Ftags&post=1583"}],"curies":[{"name":"wp","href":"https:\/\/api.w.org\/{rel}","templated":true}]}}