{"id":1549,"date":"2020-11-28T20:17:02","date_gmt":"2020-11-28T19:17:02","guid":{"rendered":"http:\/\/www.svetianteknin.com\/?p=1549"},"modified":"2020-11-29T15:57:51","modified_gmt":"2020-11-29T14:57:51","slug":"zupne-obavijesti-1db-29-studenoga-do-6-prosinca-2020","status":"publish","type":"post","link":"https:\/\/www.svetianteknin.com\/?p=1549","title":{"rendered":"\u017dupne obavijesti, 1DB (29. studenoga do 6. prosinca 2020.)"},"content":{"rendered":"<p><strong>Raspored svetih misa: 1. DB (29. 11. &#8211; 5. 12. 2020.) ADVENT<\/strong><\/p>\n<table>\n<tbody>\n<tr>\n<td width=\"151\">Crkva<\/td>\n<td width=\"95\">Satnica<\/td>\n<td width=\"359\">Nakana<\/td>\n<\/tr>\n<tr>\n<td width=\"151\">Sveti Ante<\/td>\n<td width=\"95\">8<\/td>\n<td width=\"359\">+ Ana \u010cur\u010di\u0107<\/td>\n<\/tr>\n<tr>\n<td width=\"151\">Gospa VHKZ<\/td>\n<td width=\"95\">8<\/td>\n<td width=\"359\"><\/td>\n<\/tr>\n<tr>\n<td width=\"151\">Gospa VHKZ<\/td>\n<td width=\"95\">9,30<\/td>\n<td width=\"359\">Pro populo<\/td>\n<\/tr>\n<tr>\n<td width=\"151\">Gospa VHKZ<\/td>\n<td width=\"95\">11<\/td>\n<td width=\"359\">+ Kristina<\/td>\n<\/tr>\n<tr>\n<td width=\"151\">Gospa VHKZ<\/td>\n<td width=\"95\">19<\/td>\n<td width=\"359\">+ Jozo i pok iz ob. Pulji\u0107<\/td>\n<\/tr>\n<\/tbody>\n<\/table>\n<p>&nbsp;<\/p>\n<table>\n<tbody>\n<tr>\n<td colspan=\"4\" width=\"569\">Ponedjeljak, 30. studenoga<\/td>\n<\/tr>\n<tr>\n<td width=\"47\">6<\/td>\n<td width=\"236\">+ Nada Pranji\u0107<\/td>\n<td width=\"43\"><\/td>\n<td width=\"244\"><\/td>\n<\/tr>\n<tr>\n<td width=\"47\">6:30<\/td>\n<td width=\"236\"><\/td>\n<td width=\"43\">18<\/td>\n<td width=\"244\">Na odluku<\/td>\n<\/tr>\n<tr>\n<td colspan=\"4\" width=\"569\">Utorak, 1. prosinca<\/td>\n<\/tr>\n<tr>\n<td width=\"47\">6<\/td>\n<td width=\"236\">Pog. i ubijene na kninskoj tvr\u0111avi<\/td>\n<td width=\"43\"><\/td>\n<td width=\"244\"><\/td>\n<\/tr>\n<tr>\n<td width=\"47\">6:30<\/td>\n<td width=\"236\"><\/td>\n<td width=\"43\">18<\/td>\n<td width=\"244\">+ Josip Djak<\/td>\n<\/tr>\n<tr>\n<td colspan=\"4\" width=\"569\">Srijeda, 2. prosinca<\/td>\n<\/tr>\n<tr>\n<td width=\"47\">6<\/td>\n<td width=\"236\">+ Ivo i pok iz ob. Pavlovi\u0107<\/td>\n<td width=\"43\">18<\/td>\n<td width=\"244\">+ Bla\u017e i pok iz ob. Jozi\u0107<\/td>\n<\/tr>\n<tr>\n<td width=\"47\">6:30<\/td>\n<td width=\"236\"><\/td>\n<td width=\"43\"><\/td>\n<td width=\"244\"><\/td>\n<\/tr>\n<tr>\n<td colspan=\"4\" width=\"569\">\u010cetvrtak, 3. prosinca<\/td>\n<\/tr>\n<tr>\n<td width=\"47\">6<\/td>\n<td width=\"236\">+ Pero, Manda i + iz ob. \u0160ola<\/td>\n<td width=\"43\">18<\/td>\n<td width=\"244\">+ Vlado, Rudolf i Dragica<\/td>\n<\/tr>\n<tr>\n<td width=\"47\">6:30<\/td>\n<td width=\"236\"><\/td>\n<td width=\"43\"><\/td>\n<td width=\"244\"><\/td>\n<\/tr>\n<tr>\n<td colspan=\"4\" width=\"569\">Petak, 4. prosinca<\/td>\n<\/tr>\n<tr>\n<td width=\"47\">6<\/td>\n<td width=\"236\">+ Ivo, Anto, Marinko i + iz ob. Stoj\u010devi\u0107<\/td>\n<td width=\"43\">18<\/td>\n<td width=\"244\">+ Pera, Mato i Manda<\/td>\n<\/tr>\n<tr>\n<td width=\"47\">6:30<\/td>\n<td width=\"236\"><\/td>\n<td width=\"43\"><\/td>\n<td width=\"244\"><\/td>\n<\/tr>\n<tr>\n<td colspan=\"4\" width=\"569\">Subota, 5. prosinca<\/td>\n<\/tr>\n<tr>\n<td width=\"47\">6<\/td>\n<td width=\"236\">+ iz ob. Golub<\/td>\n<td width=\"43\">18<\/td>\n<td width=\"244\">+ Luka, Anka, Marija i Ivka<\/td>\n<\/tr>\n<tr>\n<td width=\"47\">6:30<\/td>\n<td width=\"236\"><\/td>\n<td width=\"43\"><\/td>\n<td width=\"244\"><\/td>\n<\/tr>\n<\/tbody>\n<\/table>\n<p>&nbsp;<\/p>\n<p><strong>Susret ministranata<\/strong> &#8211; NEMA<\/p>\n<p><strong>Susret i probe pjevanja za dje\u010dji zbor<\/strong> \u2013 NEMA<\/p>\n<p><strong>\u00a0Vjeronauk za prvopri\u010desnike<\/strong>: O\u0160 \u201eFranjo Tu\u0111man\u201c \u2013 Ponedjeljak u 16 sati<\/p>\n<p>O\u0160 \u201eDomovinske zahvalnosti\u201c \u2013 Petak u 11 i 16 sati<\/p>\n<p><strong>Vjeronauk za krizmanika<\/strong>: utorak u 10 i 16 sati<\/p>\n<p><strong>FRAMA:<\/strong> NEMA<\/p>\n<p><strong>Ispred crkve na\u0161a FRAMA prodaje adventske vijence. <\/strong>Kupnjom njihovih rukotvorina, osim \u0161to \u0107ete imati lijep adventski vijenac, poma\u017eete i njihov rad.<\/p>\n<p><strong>Upis misnih nakana:<\/strong> poslije svake mise, mo\u017eete upisati misne nakane u planer za slijede\u0107u godinu.<\/p>\n<p><strong>Izmjene u rasporedu svetih misa: sve mise su bez pjevanja<\/strong><\/p>\n<p><strong>OBI\u010cNI DANI U TJEDNU:<\/strong> dvije zornice u: \u00a0Gospina crkva u 6, i 6:30 sati. Ve\u010dernja misa u 18 sati<\/p>\n<p><strong>NEDJELJE:<\/strong> Sveti Ante u 8 sati; Gospina crkva u: 8, 9:30, 10:30, 11:30, 17 i u 18 sati<\/p>\n<p>Preporu\u010dujemo da se, umjesto nedjeljom, prilagodite te izaberete neki dan tijekom tjedna za sudjelovati na svetoj misi.<\/p>\n<p><strong>ISPOVIJED:<\/strong> prije svake svete mise bit \u0107e prigoda za ispovijed.<\/p>\n<p><strong>BLAGOSLOV OBITELJI<\/strong>: ve\u0107 smo vam najavili da, prema naputku na\u0161ega biskupa, blagoslov obitelji ne \u0107e biti, odnosno da je preba\u010den u vrijeme korizme. Mi \u0107emo za sve vas pripremiti blagoslovljenu vodu, koja \u0107e biti u bo\u010dici, kalendar, svije\u0107u i molitvu koju \u0107ete na Bo\u017ei\u0107 moliti u svojoj obitelji. O ovome \u0107e biti vi\u0161e govora u slijede\u0107im danima.<\/p>\n<p>Ukoliko do\u0111e do potpunog zaklju\u010davanja i ne bude mogu\u0107nost slavljenja svetih misa s vjernicima, na\u0161a crkva \u0107e biti otvorena svaki dan za osobnu molitvu.<\/p>\n<p><strong>Kako vam je poznato, na misama je ograni\u010den broj vjernika na 25.<\/strong> Molim vas da po\u0161tujete tu mjeru, kao i kori\u0161tenje maskice. Tako\u0111er vas molimo da unutar crkve budete udaljeni jedni od drugih. Na\u0161e crkve su velike i ne\u0107e biti gu\u017eve. Ukoliko ne mo\u017eete u crkvu, mo\u017eete slu\u0161ati misu i ispred crkve, jer \u0107e raditi vanjski razglas.<\/p>\n<p>Iako ova ku\u0161nja traje ve\u0107 dugo vremena, bra\u0107o i sestre, nemojte kloniti duhom. Ne dajte da vas mediji obeshrabre i da se zarobite u strah. Na\u0161 \u017eivot je u Bogu. Bolest ni ikoja ku\u0161nja ne smije nas pokolebati i zastra\u0161iti u na\u0161oj vjeri.<\/p>\n<p>Prije nego \u0107e podnijeti Muku kri\u017ea, Isus je svojim u\u010denicima rekao: \u00a0\u201eJa nisam sam jer Otac je sa mnom. To vam rekoh da u meni mir imate. U svijetu imate muku, ali hrabri budite &#8211; ja sam pobijedio svijet!&#8221;<\/p>\n<p>Ponekad smo preplavljeni lo\u0161im vijestima koje svakodnevno slu\u0161amo i gledamo. Zbog toga se osje\u0107amo beznadno i prestra\u0161eno, pla\u0161imo se jer ne mo\u017eemo kontrolirati doga\u0111aje oko sebe. Bez obzira \u0161to \u0107e se dogoditi, Bog ima kontrolu nad krizom koja nas je pogodila i Bog uvijek pobje\u0111uje. Ovo je vrijeme posebne molitve. Sebe i svoje obitelji stavite pod za\u0161titu Na\u0161e Gospe i svetog Mihovila. <strong>Ne bojte se, Bog uvijek pobje\u0111uje.<\/strong><\/p>\n<p>&nbsp;<\/p>\n","protected":false},"excerpt":{"rendered":"<p>Raspored svetih misa: 1. DB (29. 11. &#8211; 5. 12. 2020.) ADVENT Crkva Satnica Nakana Sveti Ante 8 + Ana \u010cur\u010di\u0107 Gospa VHKZ 8 Gospa VHKZ 9,30 Pro populo Gospa VHKZ 11 + Kristina Gospa VHKZ 19 + Jozo i pok iz ob. Pulji\u0107 &nbsp; Ponedjeljak, 30. studenoga 6 + Nada Pranji\u0107 6:30 18 Na odluku Utorak, 1. prosinca 6 Pog. i ubijene na kninskoj [&hellip;]<\/p>\n","protected":false},"author":2,"featured_media":1552,"comment_status":"closed","ping_status":"closed","sticky":false,"template":"","format":"standard","meta":{"fifu_image_url":"","fifu_image_alt":"","footnotes":""},"categories":[6],"tags":[],"class_list":["post-1549","post","type-post","status-publish","format-standard","has-post-thumbnail","hentry","category-zupne-obavijesti"],"_links":{"self":[{"href":"https:\/\/www.svetianteknin.com\/index.php?rest_route=\/wp\/v2\/posts\/1549","targetHints":{"allow":["GET"]}}],"collection":[{"href":"https:\/\/www.svetianteknin.com\/index.php?rest_route=\/wp\/v2\/posts"}],"about":[{"href":"https:\/\/www.svetianteknin.com\/index.php?rest_route=\/wp\/v2\/types\/post"}],"author":[{"embeddable":true,"href":"https:\/\/www.svetianteknin.com\/index.php?rest_route=\/wp\/v2\/users\/2"}],"replies":[{"embeddable":true,"href":"https:\/\/www.svetianteknin.com\/index.php?rest_route=%2Fwp%2Fv2%2Fcomments&post=1549"}],"version-history":[{"count":2,"href":"https:\/\/www.svetianteknin.com\/index.php?rest_route=\/wp\/v2\/posts\/1549\/revisions"}],"predecessor-version":[{"id":1553,"href":"https:\/\/www.svetianteknin.com\/index.php?rest_route=\/wp\/v2\/posts\/1549\/revisions\/1553"}],"wp:featuredmedia":[{"embeddable":true,"href":"https:\/\/www.svetianteknin.com\/index.php?rest_route=\/wp\/v2\/media\/1552"}],"wp:attachment":[{"href":"https:\/\/www.svetianteknin.com\/index.php?rest_route=%2Fwp%2Fv2%2Fmedia&parent=1549"}],"wp:term":[{"taxonomy":"category","embeddable":true,"href":"https:\/\/www.svetianteknin.com\/index.php?rest_route=%2Fwp%2Fv2%2Fcategories&post=1549"},{"taxonomy":"post_tag","embeddable":true,"href":"https:\/\/www.svetianteknin.com\/index.php?rest_route=%2Fwp%2Fv2%2Ftags&post=1549"}],"curies":[{"name":"wp","href":"https:\/\/api.w.org\/{rel}","templated":true}]}}