{"id":1538,"date":"2020-11-15T08:14:49","date_gmt":"2020-11-15T07:14:49","guid":{"rendered":"http:\/\/www.svetianteknin.com\/?p=1538"},"modified":"2020-11-15T08:14:49","modified_gmt":"2020-11-15T07:14:49","slug":"zupne-obavijesti-33-kga-15-studenoga-2020","status":"publish","type":"post","link":"https:\/\/www.svetianteknin.com\/?p=1538","title":{"rendered":"\u017dupne obavijesti, 33 KGA (15. studenoga 2020.)"},"content":{"rendered":"<p><strong>Raspored svetih misa: 33. kga (15. \u2013 21. 11. 2020.) \u2013 SVI SVETI<\/strong><\/p>\n<table>\n<tbody>\n<tr>\n<td width=\"151\">Crkva<\/td>\n<td width=\"95\">Satnica<\/td>\n<td width=\"359\">Nakana<\/td>\n<\/tr>\n<tr>\n<td width=\"151\">Sveti Ante<\/td>\n<td width=\"95\">8<\/td>\n<td width=\"359\">+ Vjekoslav Dodig<\/td>\n<\/tr>\n<tr>\n<td width=\"151\">Gospa VHKZ<\/td>\n<td width=\"95\">9,30<\/td>\n<td width=\"359\">Pro populo<\/td>\n<\/tr>\n<tr>\n<td width=\"151\">Gospa VHKZ<\/td>\n<td width=\"95\">11<\/td>\n<td width=\"359\">+ Marija i Mirko \u017dabi\u0107<\/td>\n<\/tr>\n<tr>\n<td width=\"151\">Gospa VHKZ<\/td>\n<td width=\"95\">18<\/td>\n<td width=\"359\">+ Mara i Mate<\/td>\n<\/tr>\n<\/tbody>\n<\/table>\n<p>&nbsp;<\/p>\n<table>\n<tbody>\n<tr>\n<td colspan=\"4\" width=\"569\">Ponedjeljak, 16. studenoga<\/td>\n<\/tr>\n<tr>\n<td width=\"47\">7<\/td>\n<td width=\"236\">+ Fra Milan Ujevi\u0107<\/td>\n<td width=\"43\">18<\/td>\n<td width=\"244\">+ Danica i Petar \u010cutura<\/td>\n<\/tr>\n<tr>\n<td colspan=\"4\" width=\"569\">Utorak, 17. studenoga<\/td>\n<\/tr>\n<tr>\n<td width=\"47\">7<\/td>\n<td width=\"236\">+ iz ob, Brali\u0107<\/td>\n<td width=\"43\">18<\/td>\n<td width=\"244\">+ Krunoslav Kuljanac<\/td>\n<\/tr>\n<tr>\n<td colspan=\"4\" width=\"569\">Srijeda, 18. studenoga<\/td>\n<\/tr>\n<tr>\n<td width=\"47\">7<\/td>\n<td width=\"236\">Na odluku<\/td>\n<td width=\"43\">18:11<\/td>\n<td width=\"244\">+ ubijene i poginule tijekom Dom.rata<\/td>\n<\/tr>\n<tr>\n<td colspan=\"4\" width=\"569\">\u010cetvrtak, 19. studenoga<\/td>\n<\/tr>\n<tr>\n<td width=\"47\">7<\/td>\n<td width=\"236\">+ Slavko i Janja Lovri\u0107<\/td>\n<td width=\"43\">18<\/td>\n<td width=\"244\">+ Jozo, Ljubomira, Marko i Kata<\/td>\n<\/tr>\n<tr>\n<td colspan=\"4\" width=\"569\">Petak, 20. studenoga<\/td>\n<\/tr>\n<tr>\n<td width=\"47\">7<\/td>\n<td width=\"236\">+ Filip i Katica Josipovi\u0107<\/td>\n<td width=\"43\">18<\/td>\n<td width=\"244\">+ iz ob. Lu\u010di\u0107<\/td>\n<\/tr>\n<tr>\n<td colspan=\"4\" width=\"569\">Subota, 21. studenoga \u2013 Gospa od Zdravlja<\/td>\n<\/tr>\n<tr>\n<td width=\"47\">7<\/td>\n<td width=\"236\">Za djecu O\u0160 Domovinske zahvalnosti<\/td>\n<td width=\"43\">18<\/td>\n<td width=\"244\">+ iz ob. Primorac<\/td>\n<\/tr>\n<\/tbody>\n<\/table>\n<p>&nbsp;<\/p>\n<p><strong>Susret ministranata<\/strong> je u subotu u 11 sati<\/p>\n<p><strong>Susret i probe pjevanja za dje\u010dji zbor<\/strong> \u2013 u subotu u 11 sati.<\/p>\n<p><strong>\u00a0Vjeronauk za prvopri\u010desnike<\/strong>: O\u0160 \u201eFranjo Tu\u0111man\u201c \u2013 Ponedjeljak u 16 sati<\/p>\n<p>O\u0160 \u201eDomovinske zahvalnosti\u201c \u2013 Petak u 11 i 16 sati<\/p>\n<p><strong>Vjeronauk za krizmanika<\/strong>: utorak u 10, druga smjena u 16 sati<\/p>\n<p><strong>FRAMA:<\/strong> petak u 18 sati<\/p>\n<p><strong>Ukoliko je neko dijete u izolaciji, nisu obvezni na vjeronauk.<\/strong><\/p>\n<p><strong>Ponedjeljak, 16. 11. u 20 sati u crkvi GVHKZ<\/strong> \u2013 Molitveno katehetski susret \u201eVjetar Bo\u017eji\u201c \u2013 upoznaj dublje Duha svetoga u osobnom i \u017eivotu Crkve. Tema prvog susreta je: \u201eBo\u017eja ljubav razlivena je u srcima na\u0161im. Pozvani su svi, a posebno mladi.<\/p>\n<p><strong>U utorak, 17. 11<\/strong>. poslije ve\u010dernje mise i\u0107i \u0107emo u procesiji s upaljenim lampionima od Gospine crkve do Trga u znak sje\u0107anja na stradanja tijekom Domovinskoga rata a posebno u Vukovaru i \u0160kabrnji. U procesiji \u0107emo i\u0107i u koloni po jedan s me\u0111usobnim razmakom. Svatko neka nabavi za sebe lampion.<\/p>\n<p><strong>U srijedu 18.11.je dan pada Vukovara. U 18:11<\/strong> sati zvonit \u0107e crkvena zvona. Nakon toga \u0107emo po\u010deti svetu misu za sve poginule i ubijene tijekom Domovinskoga rata.<\/p>\n<p><strong>U Subotu je Gospa od Zdravlja<\/strong> \u2013 na ve\u010dernjoj misi na poseban na\u010din preporu\u010dit \u0107emo Gospinu zagovoru sve na\u0161e bolesnike.<\/p>\n<p><strong>Molimo vas da se u prostoru crkve po\u0161tujete sve mjere koje su propisane za okupljanja u zatvorenim prostorima, za sprje\u010davanje \u0161irenja zaraze: dezinfekcija ruku, no\u0161enje maski i me\u0111usobni razmak. \u010clanovi obitelji mogu biti skupa, a ostali molimo da dr\u017eite me\u0111usobni razmak.<\/strong><\/p>\n","protected":false},"excerpt":{"rendered":"<p>Raspored svetih misa: 33. kga (15. \u2013 21. 11. 2020.) \u2013 SVI SVETI Crkva Satnica Nakana Sveti Ante 8 + Vjekoslav Dodig Gospa VHKZ 9,30 Pro populo Gospa VHKZ 11 + Marija i Mirko \u017dabi\u0107 Gospa VHKZ 18 + Mara i Mate &nbsp; Ponedjeljak, 16. studenoga 7 + Fra Milan Ujevi\u0107 18 + Danica i Petar \u010cutura Utorak, 17. studenoga 7 + iz ob, Brali\u0107 [&hellip;]<\/p>\n","protected":false},"author":2,"featured_media":1427,"comment_status":"closed","ping_status":"closed","sticky":false,"template":"","format":"standard","meta":{"fifu_image_url":"","fifu_image_alt":"","footnotes":""},"categories":[6],"tags":[],"class_list":["post-1538","post","type-post","status-publish","format-standard","has-post-thumbnail","hentry","category-zupne-obavijesti"],"_links":{"self":[{"href":"https:\/\/www.svetianteknin.com\/index.php?rest_route=\/wp\/v2\/posts\/1538","targetHints":{"allow":["GET"]}}],"collection":[{"href":"https:\/\/www.svetianteknin.com\/index.php?rest_route=\/wp\/v2\/posts"}],"about":[{"href":"https:\/\/www.svetianteknin.com\/index.php?rest_route=\/wp\/v2\/types\/post"}],"author":[{"embeddable":true,"href":"https:\/\/www.svetianteknin.com\/index.php?rest_route=\/wp\/v2\/users\/2"}],"replies":[{"embeddable":true,"href":"https:\/\/www.svetianteknin.com\/index.php?rest_route=%2Fwp%2Fv2%2Fcomments&post=1538"}],"version-history":[{"count":1,"href":"https:\/\/www.svetianteknin.com\/index.php?rest_route=\/wp\/v2\/posts\/1538\/revisions"}],"predecessor-version":[{"id":1539,"href":"https:\/\/www.svetianteknin.com\/index.php?rest_route=\/wp\/v2\/posts\/1538\/revisions\/1539"}],"wp:featuredmedia":[{"embeddable":true,"href":"https:\/\/www.svetianteknin.com\/index.php?rest_route=\/wp\/v2\/media\/1427"}],"wp:attachment":[{"href":"https:\/\/www.svetianteknin.com\/index.php?rest_route=%2Fwp%2Fv2%2Fmedia&parent=1538"}],"wp:term":[{"taxonomy":"category","embeddable":true,"href":"https:\/\/www.svetianteknin.com\/index.php?rest_route=%2Fwp%2Fv2%2Fcategories&post=1538"},{"taxonomy":"post_tag","embeddable":true,"href":"https:\/\/www.svetianteknin.com\/index.php?rest_route=%2Fwp%2Fv2%2Ftags&post=1538"}],"curies":[{"name":"wp","href":"https:\/\/api.w.org\/{rel}","templated":true}]}}