{"id":1516,"date":"2020-10-25T07:42:09","date_gmt":"2020-10-25T06:42:09","guid":{"rendered":"http:\/\/www.svetianteknin.com\/?p=1516"},"modified":"2020-10-25T07:42:09","modified_gmt":"2020-10-25T06:42:09","slug":"zupne-obavijesti-25-listopada-30-kga","status":"publish","type":"post","link":"https:\/\/www.svetianteknin.com\/?p=1516","title":{"rendered":"\u017dupne obavijesti, 25. listopada (30. KGA)"},"content":{"rendered":"<p><strong>Raspored svetih misa: 30. kga (25. &#8211; 31. 10. 2020.)<\/strong><\/p>\n<table>\n<tbody>\n<tr>\n<td width=\"151\">Crkva<\/td>\n<td width=\"95\">Satnica<\/td>\n<td width=\"359\">Nakana<\/td>\n<\/tr>\n<tr>\n<td width=\"151\">Sveti Ante<\/td>\n<td width=\"95\">8<\/td>\n<td width=\"359\">+ Ilija Petrovi\u0107<\/td>\n<\/tr>\n<tr>\n<td width=\"151\">Gospa VHKZ<\/td>\n<td width=\"95\">9,30<\/td>\n<td width=\"359\">Pro populo<\/td>\n<\/tr>\n<tr>\n<td width=\"151\">Gospa VHKZ<\/td>\n<td width=\"95\">11<\/td>\n<td width=\"359\">+ Ru\u017ea, Stipica, Ru\u017ea i pok. iz ob. Gali\u0107<\/td>\n<\/tr>\n<tr>\n<td width=\"151\">Gospa VHKZ<\/td>\n<td width=\"95\">19<\/td>\n<td width=\"359\">+ Ranko Kne\u017eevi\u0107<\/td>\n<\/tr>\n<\/tbody>\n<\/table>\n<p>&nbsp;<\/p>\n<table>\n<tbody>\n<tr>\n<td colspan=\"4\" width=\"569\">Ponedjeljak, 26. listopada<\/td>\n<\/tr>\n<tr>\n<td width=\"47\">7<\/td>\n<td width=\"236\">+ Petar Rapo<\/td>\n<td width=\"43\">19<\/td>\n<td width=\"244\">+ Nora Muriel (\u010d.s)<\/td>\n<\/tr>\n<tr>\n<td colspan=\"4\" width=\"569\">Utorak, 27. listopada<\/td>\n<\/tr>\n<tr>\n<td width=\"47\">7<\/td>\n<td width=\"236\">+ Zora Nosi\u0107<\/td>\n<td width=\"43\">19<\/td>\n<td width=\"244\">Za \u017ertve II.svj. rata<\/td>\n<\/tr>\n<tr>\n<td colspan=\"4\" width=\"569\">Srijeda, 28. listopada<\/td>\n<\/tr>\n<tr>\n<td width=\"47\">7<\/td>\n<td width=\"236\">+ Ilija, Zora, Dragica i Ivan<\/td>\n<td width=\"43\">19<\/td>\n<td width=\"244\">+ Ljubomir Ljubi\u0107<\/td>\n<\/tr>\n<tr>\n<td colspan=\"4\" width=\"569\">\u010cetvrtak, 29. listopada<\/td>\n<\/tr>\n<tr>\n<td width=\"47\">7<\/td>\n<td width=\"236\">+ Tomislav Bo\u017ei\u0107<\/td>\n<td width=\"43\">18<\/td>\n<td width=\"244\">+ Luca i njeni pokojni<\/td>\n<\/tr>\n<tr>\n<td colspan=\"4\" width=\"569\">Petak, 30. listopada<\/td>\n<\/tr>\n<tr>\n<td width=\"47\">7<\/td>\n<td width=\"236\">+ Kata, Kvinto i pok. iz ob. Jonji\u0107 \u2013 Batarelo<\/td>\n<td width=\"43\">18<\/td>\n<td width=\"244\">+ Tomo i pok. iz ob. Lopar<\/td>\n<\/tr>\n<tr>\n<td colspan=\"4\" width=\"569\">Subota, 31. listopada<\/td>\n<\/tr>\n<tr>\n<td width=\"47\">7<\/td>\n<td width=\"236\">+ Ana, Marko i Ante<\/td>\n<td width=\"43\">18<\/td>\n<td width=\"244\">+ Kata i Kvinto<\/td>\n<\/tr>\n<\/tbody>\n<\/table>\n<p>&nbsp;<\/p>\n<p><strong>Susret ministranata<\/strong> je u subotu u 11 sati<\/p>\n<p><strong>Susret i probe pjevanja za dje\u010dji zbor<\/strong> \u2013 u subotu u 11 sati. Molimo roditelje da svoju djecu potaknu da se uklju\u010de u ministrante ili u dje\u010dji zbor.<\/p>\n<p><strong>\u00a0Vjeronauk za prvopri\u010desnike<\/strong>: O\u0160 \u201eFranjo Tu\u0111man\u201c \u2013 Ponedjeljak u 16 sati<\/p>\n<p>O\u0160 \u201eDomovinske zahvalnosti\u201c \u2013 Petak u 11 i 16 sati<\/p>\n<p><strong>Vjeronauk za krizmanika<\/strong>: utorak u 10, druga smjena u 16 sati<\/p>\n<p><strong>FRAMA:<\/strong> petak u 18 sati<\/p>\n<p><strong>TE\u010cAJ ZA BRAK:<\/strong> ponedjeljak, 26. listopada u 19 sati u dvorani samostana sv. Ante<\/p>\n<p><strong>40 dana za \u017eivot<\/strong>\u201c. \u2013 Svaki dan ispred na\u0161e bolnice molimo za nero\u0111ene i za obra\u0107enje onih koji promi\u010du ili vr\u0161e poba\u010daje. Mu\u0161karci i o\u010devi su uklju\u010deni, osim u redovitim molitvama, na poseban na\u010din u stra\u017eu sv. Josipa, srijedom od 12-14 sati.<\/p>\n<p>U subotu zavr\u0161avamo molitvu \u201e40 dana za \u017eivot\u201c. Zavr\u0161it \u0107emo ju procesijom, s kipom Bl. Dj. Marije, od bolnice do crkve GVHKZ. Procesija polazi u 16:45 sati. Molim vas da se u \u0161to ve\u0107em broju odazovete te tako javno iska\u017eemo svoj stav za nepovredivost \u017eivota za\u010dete djece. Tijekom procesije, pridr\u017eavat \u0107emo se propisanih pravila o javnim okupljanjima.<\/p>\n<p>U skladu s pozitivnim odlukama na\u0161ih vlasti na vratima crkve istaknute su mjere opreza i upute kako se pona\u0161ati u crkvi. Predla\u017eemo da u crkvi sjedite grupirani po obiteljima.<\/p>\n<p>U vremenu kad nam se svakodnevno preko medija name\u0107e strah, mnogi su dezorjentirani i ne znaju \u0161to i komu bi vjerovali. Ovom prilikom vas \u017eelimo ohrabriti. Izbacimo strah iz svoga srca i pameti. Strah vodi u iracionalnost, nesnala\u017eenje, ko\u010di dono\u0161enje ispravnih odluka i ubija du\u0161u. Na\u0161 \u017eivot je u ruci Bo\u017ejoj. Sve neda\u0107e ovoga svijeta nisu ni\u0161ta prema slavi koja nas \u010deka. Oslobodite svoje srce svakog oblika straha. Vjera u Boga je snaga koja tjera strah. \u201eGospodin je pastir moj, ni u \u010dem ja ne oskudijevam!\u201c<\/p>\n<p><strong>\u00a0<\/strong><\/p>\n","protected":false},"excerpt":{"rendered":"<p>Raspored svetih misa: 30. kga (25. &#8211; 31. 10. 2020.) Crkva Satnica Nakana Sveti Ante 8 + Ilija Petrovi\u0107 Gospa VHKZ 9,30 Pro populo Gospa VHKZ 11 + Ru\u017ea, Stipica, Ru\u017ea i pok. iz ob. Gali\u0107 Gospa VHKZ 19 + Ranko Kne\u017eevi\u0107 &nbsp; Ponedjeljak, 26. listopada 7 + Petar Rapo 19 + Nora Muriel (\u010d.s) Utorak, 27. listopada 7 + Zora Nosi\u0107 19 Za \u017ertve [&hellip;]<\/p>\n","protected":false},"author":2,"featured_media":1421,"comment_status":"closed","ping_status":"closed","sticky":false,"template":"","format":"standard","meta":{"fifu_image_url":"","fifu_image_alt":"","footnotes":""},"categories":[6],"tags":[],"class_list":["post-1516","post","type-post","status-publish","format-standard","has-post-thumbnail","hentry","category-zupne-obavijesti"],"_links":{"self":[{"href":"https:\/\/www.svetianteknin.com\/index.php?rest_route=\/wp\/v2\/posts\/1516","targetHints":{"allow":["GET"]}}],"collection":[{"href":"https:\/\/www.svetianteknin.com\/index.php?rest_route=\/wp\/v2\/posts"}],"about":[{"href":"https:\/\/www.svetianteknin.com\/index.php?rest_route=\/wp\/v2\/types\/post"}],"author":[{"embeddable":true,"href":"https:\/\/www.svetianteknin.com\/index.php?rest_route=\/wp\/v2\/users\/2"}],"replies":[{"embeddable":true,"href":"https:\/\/www.svetianteknin.com\/index.php?rest_route=%2Fwp%2Fv2%2Fcomments&post=1516"}],"version-history":[{"count":1,"href":"https:\/\/www.svetianteknin.com\/index.php?rest_route=\/wp\/v2\/posts\/1516\/revisions"}],"predecessor-version":[{"id":1517,"href":"https:\/\/www.svetianteknin.com\/index.php?rest_route=\/wp\/v2\/posts\/1516\/revisions\/1517"}],"wp:featuredmedia":[{"embeddable":true,"href":"https:\/\/www.svetianteknin.com\/index.php?rest_route=\/wp\/v2\/media\/1421"}],"wp:attachment":[{"href":"https:\/\/www.svetianteknin.com\/index.php?rest_route=%2Fwp%2Fv2%2Fmedia&parent=1516"}],"wp:term":[{"taxonomy":"category","embeddable":true,"href":"https:\/\/www.svetianteknin.com\/index.php?rest_route=%2Fwp%2Fv2%2Fcategories&post=1516"},{"taxonomy":"post_tag","embeddable":true,"href":"https:\/\/www.svetianteknin.com\/index.php?rest_route=%2Fwp%2Fv2%2Ftags&post=1516"}],"curies":[{"name":"wp","href":"https:\/\/api.w.org\/{rel}","templated":true}]}}