{"id":1474,"date":"2020-10-10T22:04:42","date_gmt":"2020-10-10T21:04:42","guid":{"rendered":"http:\/\/www.svetianteknin.com\/?p=1474"},"modified":"2020-10-10T22:04:42","modified_gmt":"2020-10-10T21:04:42","slug":"zupne-obavijesti-11-listopada-2020-28-kga","status":"publish","type":"post","link":"https:\/\/www.svetianteknin.com\/?p=1474","title":{"rendered":"\u017dupne obavijesti, 11. listopada 2020. (28 KGA)"},"content":{"rendered":"<p><strong>Raspored svetih misa: 28. kga (11. &#8211; 17. 10. 2020.)<\/strong><\/p>\n<table>\n<tbody>\n<tr>\n<td width=\"151\">Crkva<\/td>\n<td width=\"95\">Satnica<\/td>\n<td width=\"359\">Nakana<\/td>\n<\/tr>\n<tr>\n<td width=\"151\">Sveti Ante<\/td>\n<td width=\"95\">8<\/td>\n<td width=\"359\">+ iz ob. Stani\u0107<\/td>\n<\/tr>\n<tr>\n<td width=\"151\">Gospa VHKZ<\/td>\n<td width=\"95\">9,30<\/td>\n<td width=\"359\">Pro populo<\/td>\n<\/tr>\n<tr>\n<td width=\"151\">Gospa VHKZ<\/td>\n<td width=\"95\">11<\/td>\n<td width=\"359\">+ Marija Rai\u0107<\/td>\n<\/tr>\n<tr>\n<td width=\"151\">Gospa VHKZ<\/td>\n<td width=\"95\">19<\/td>\n<td width=\"359\">+ Zvonko i pok. iz ob. Mati\u0107<\/td>\n<\/tr>\n<\/tbody>\n<\/table>\n<p>&nbsp;<\/p>\n<table>\n<tbody>\n<tr>\n<td colspan=\"4\" width=\"569\">Ponedjeljak, 12. listopada<\/td>\n<\/tr>\n<tr>\n<td width=\"47\">7<\/td>\n<td width=\"236\">+ s. Melita Malo\u010da<\/td>\n<td width=\"43\">19<\/td>\n<td width=\"244\">+ iz ob. Zadro i Stojanovi\u0107<\/td>\n<\/tr>\n<tr>\n<td colspan=\"4\" width=\"569\">Utorak, 13. listopada<\/td>\n<\/tr>\n<tr>\n<td width=\"47\">7<\/td>\n<td width=\"236\">+ Nediljko Kozina<\/td>\n<td width=\"43\">19<\/td>\n<td width=\"244\">+ Marko i Ana<\/td>\n<\/tr>\n<tr>\n<td colspan=\"4\" width=\"569\">Srijeda, 14. listopada<\/td>\n<\/tr>\n<tr>\n<td width=\"47\">7<\/td>\n<td width=\"236\">+ Nediljko Kozina<\/td>\n<td width=\"43\">19<\/td>\n<td width=\"244\">+ iz ob. Homa i Bili\u0107<\/td>\n<\/tr>\n<tr>\n<td colspan=\"4\" width=\"569\">\u010cetvrtak, 15. listopada<\/td>\n<\/tr>\n<tr>\n<td width=\"47\">7<\/td>\n<td width=\"236\">+ iz ob. Vuleti\u0107, Gran\u010di\u0107 i Martinovi\u0107<\/td>\n<td width=\"43\">18<\/td>\n<td width=\"244\">+ Josip i Zora<\/td>\n<\/tr>\n<tr>\n<td colspan=\"4\" width=\"569\">Petak, 16. listopada<\/td>\n<\/tr>\n<tr>\n<td width=\"47\">7<\/td>\n<td width=\"236\">+ Vinka Mr\u010dela<\/td>\n<td width=\"43\">18<\/td>\n<td width=\"244\">+ Milka i Ante Mudrini\u0107<\/td>\n<\/tr>\n<tr>\n<td colspan=\"4\" width=\"569\">Subota, 17. listopada<\/td>\n<\/tr>\n<tr>\n<td width=\"47\">7<\/td>\n<td width=\"236\">+ Goran \u0160imovi\u0107<\/td>\n<td width=\"43\">18<\/td>\n<td width=\"244\">+ Robert Ba\u0161karad<\/td>\n<\/tr>\n<\/tbody>\n<\/table>\n<p>&nbsp;<\/p>\n<p><strong>Susret ministranata<\/strong> je u subotu u 11 sati<\/p>\n<p><strong>Susret i probe pjevanja za dje\u010dji zbor<\/strong> \u2013 u subotu u 11 sati. Molimo roditelje da svoju djecu potaknu da se uklju\u010de u ministrante ili u dje\u010dji zbor.<\/p>\n<p><strong>\u00a0Vjeronauk za prvopri\u010desnike<\/strong>: O\u0160 \u201eFranjo Tu\u0111man\u201c \u2013 Ponedjeljak u 16 sati<\/p>\n<p>O\u0160 \u201eDomovinske zahvalnosti\u201c \u2013 Petak u 11 i 16 sati<\/p>\n<p><strong>Vjeronauk za krizmanika<\/strong>: \u010detvrtak u 9, druga smjena u 15 sati<\/p>\n<p><strong>FRAMA:<\/strong> petak u 18 sati<\/p>\n<p><strong>Danas, 11. listopada je 20 godina postojanja CARITASA u na\u0161oj \u017eupi.<\/strong> Tijekom ovih 20 godina mnogima je na\u0161 Caritas pomogao, zahvaljuju\u0107i kr\u0161\u0107anskoj solidarnosti vjernika Knina, ali i iz drugih dijelova na\u0161e Domovine kao i iz inozemstva. Ovom prilikom se zahvaljujemo svakom dobro\u010dinitelju. Vjerujemo da Bog vidi svako dobro djelo koje u\u010dinimo ovdje na zemlji. Na\u0161 Caritas nastavit \u0107e sa svojim radom uz podr\u0161ku vas \u017eupljana i svih dobrih ljudi sa svih strana svijeta. Preporu\u010dujemo se u va\u0161u dobroti i materijalnu pomo\u0107.<\/p>\n<p><em>Misa za sve dobro\u010dinitelje Caritasa je 11. listopada u 9:30 sati) u crkvi GVHKZ.<\/em><\/p>\n<p><strong>\u201e40 dana za \u017eivot<\/strong>\u201c. Svaki dan ispred na\u0161e kninske bolnice molimo da se sva za\u010deta djeca rode. Osim \u0161to se molimo za ro\u0111enje za\u010detih, molimo i za obra\u0107enje onih koji na bilo koji na\u010din sudjeluju ili promoviraju poba\u010daj. Posebno poti\u010demo o\u010deve i mu\u0161karce da se odazovu ovom pozivu molitve pred bolnicom te dr\u017ee stra\u017eu sv. Josipa srijedom od 12-14 sati.<\/p>\n<p>Procesija s likom Bezgre\u0161ne Marije bit \u0107e po zavr\u0161etku ove molitvene akcije (na kraju mjeseca listopada) ulicama na\u0161ega grada. Molimo vas da se u \u0161to ve\u0107em broju odazovete na ovu procesiju za \u017eivot.<\/p>\n<p><strong>\u00a0Gospin VIS:<\/strong> prima nove \u010dlanove (prijaviti se mogu oni koji imaju dar pjevanja i sviranja).<\/p>\n","protected":false},"excerpt":{"rendered":"<p>Raspored svetih misa: 28. kga (11. &#8211; 17. 10. 2020.) Crkva Satnica Nakana Sveti Ante 8 + iz ob. Stani\u0107 Gospa VHKZ 9,30 Pro populo Gospa VHKZ 11 + Marija Rai\u0107 Gospa VHKZ 19 + Zvonko i pok. iz ob. Mati\u0107 &nbsp; Ponedjeljak, 12. listopada 7 + s. Melita Malo\u010da 19 + iz ob. Zadro i Stojanovi\u0107 Utorak, 13. listopada 7 + Nediljko Kozina 19 [&hellip;]<\/p>\n","protected":false},"author":2,"featured_media":1429,"comment_status":"closed","ping_status":"closed","sticky":false,"template":"","format":"standard","meta":{"fifu_image_url":"","fifu_image_alt":"","footnotes":""},"categories":[6],"tags":[],"class_list":["post-1474","post","type-post","status-publish","format-standard","has-post-thumbnail","hentry","category-zupne-obavijesti"],"_links":{"self":[{"href":"https:\/\/www.svetianteknin.com\/index.php?rest_route=\/wp\/v2\/posts\/1474","targetHints":{"allow":["GET"]}}],"collection":[{"href":"https:\/\/www.svetianteknin.com\/index.php?rest_route=\/wp\/v2\/posts"}],"about":[{"href":"https:\/\/www.svetianteknin.com\/index.php?rest_route=\/wp\/v2\/types\/post"}],"author":[{"embeddable":true,"href":"https:\/\/www.svetianteknin.com\/index.php?rest_route=\/wp\/v2\/users\/2"}],"replies":[{"embeddable":true,"href":"https:\/\/www.svetianteknin.com\/index.php?rest_route=%2Fwp%2Fv2%2Fcomments&post=1474"}],"version-history":[{"count":1,"href":"https:\/\/www.svetianteknin.com\/index.php?rest_route=\/wp\/v2\/posts\/1474\/revisions"}],"predecessor-version":[{"id":1475,"href":"https:\/\/www.svetianteknin.com\/index.php?rest_route=\/wp\/v2\/posts\/1474\/revisions\/1475"}],"wp:featuredmedia":[{"embeddable":true,"href":"https:\/\/www.svetianteknin.com\/index.php?rest_route=\/wp\/v2\/media\/1429"}],"wp:attachment":[{"href":"https:\/\/www.svetianteknin.com\/index.php?rest_route=%2Fwp%2Fv2%2Fmedia&parent=1474"}],"wp:term":[{"taxonomy":"category","embeddable":true,"href":"https:\/\/www.svetianteknin.com\/index.php?rest_route=%2Fwp%2Fv2%2Fcategories&post=1474"},{"taxonomy":"post_tag","embeddable":true,"href":"https:\/\/www.svetianteknin.com\/index.php?rest_route=%2Fwp%2Fv2%2Ftags&post=1474"}],"curies":[{"name":"wp","href":"https:\/\/api.w.org\/{rel}","templated":true}]}}