{"id":1468,"date":"2020-10-03T20:43:55","date_gmt":"2020-10-03T19:43:55","guid":{"rendered":"http:\/\/www.svetianteknin.com\/?p=1468"},"modified":"2020-10-03T20:50:28","modified_gmt":"2020-10-03T19:50:28","slug":"zupne-obavijesti-4-listopada-2020-27-kga","status":"publish","type":"post","link":"https:\/\/www.svetianteknin.com\/?p=1468","title":{"rendered":"\u017dupne obavijesti, 4. listopada 2020 (27. KGA)"},"content":{"rendered":"<p><strong>Raspored svetih misa: 27. kga (27. 9. \u2013 4. 10. 2020.) \u2013 Sveti Franjo<\/strong><\/p>\n<table>\n<tbody>\n<tr>\n<td width=\"151\">Crkva<\/td>\n<td width=\"95\">Satnica<\/td>\n<td width=\"359\">Nakana<\/td>\n<\/tr>\n<tr>\n<td width=\"151\">Sveti Ante<\/td>\n<td width=\"95\">8<\/td>\n<td width=\"359\">+ Ante Ga\u0161par<\/td>\n<\/tr>\n<tr>\n<td width=\"151\">Gospa VHKZ<\/td>\n<td width=\"95\">9,30<\/td>\n<td width=\"359\">Pro populo<\/td>\n<\/tr>\n<tr>\n<td width=\"151\">Gospa VHKZ<\/td>\n<td width=\"95\">11<\/td>\n<td width=\"359\">+ Frano i Ivan \u0160egrt<\/td>\n<\/tr>\n<tr>\n<td width=\"151\">Gospa VHKZ<\/td>\n<td width=\"95\">19<\/td>\n<td width=\"359\">+ Ivica Bari\u0161i\u0107<\/td>\n<\/tr>\n<\/tbody>\n<\/table>\n<p>&nbsp;<\/p>\n<table>\n<tbody>\n<tr>\n<td colspan=\"4\" width=\"569\">Ponedjeljak, 5. listopada<\/td>\n<\/tr>\n<tr>\n<td width=\"47\">7<\/td>\n<td width=\"236\">+ Jozefina Kosti\u0107<\/td>\n<td width=\"43\">19<\/td>\n<td width=\"244\">+ Ante Vukan\u010di\u0107<\/td>\n<\/tr>\n<tr>\n<td colspan=\"4\" width=\"569\">Utorak, 6. listopada<\/td>\n<\/tr>\n<tr>\n<td width=\"47\">7<\/td>\n<td width=\"236\">+ Nevenka<\/td>\n<td width=\"43\">19<\/td>\n<td width=\"244\">+ Ilija<\/td>\n<\/tr>\n<tr>\n<td colspan=\"4\" width=\"569\">Srijeda, 7. listopada<\/td>\n<\/tr>\n<tr>\n<td width=\"47\">7<\/td>\n<td width=\"236\">+ iz ob. Tadi\u0107<\/td>\n<td width=\"43\">19<\/td>\n<td width=\"244\">+ Ivo<\/td>\n<\/tr>\n<tr>\n<td colspan=\"4\" width=\"569\">\u010cetvrtak, 8. listopada<\/td>\n<\/tr>\n<tr>\n<td width=\"47\">7<\/td>\n<td width=\"236\">+ iz ob. Bari\u0107 i Jozi\u0107<\/td>\n<td width=\"43\">18<\/td>\n<td width=\"244\">+ Milko<\/td>\n<\/tr>\n<tr>\n<td colspan=\"4\" width=\"569\">Petak, 9. listopada<\/td>\n<\/tr>\n<tr>\n<td width=\"47\">7<\/td>\n<td width=\"236\">+ Jure Bradari\u0107<\/td>\n<td width=\"43\">18<\/td>\n<td width=\"244\">Poginuli i ubijeni na kninskoj tvr\u0111avi u Dom. ratu<\/td>\n<\/tr>\n<tr>\n<td colspan=\"4\" width=\"569\">Subota, 10. listopada<\/td>\n<\/tr>\n<tr>\n<td width=\"47\">7<\/td>\n<td width=\"236\">+ Cvitko i Marija \u017deravica<\/td>\n<td width=\"43\">18<\/td>\n<td width=\"244\">+ Vilma, Stipo, Bosa i Frano<\/td>\n<\/tr>\n<\/tbody>\n<\/table>\n<p>&nbsp;<\/p>\n<p>&nbsp;<\/p>\n<p><strong>Susret ministranata<\/strong> je u subotu u 11 sati<\/p>\n<p><strong>Susret i probe pjevanja za dje\u010dji zbor<\/strong> \u2013 u subotu u 11 sati. Molimo roditelje da svoju djecu potaknu da se uklju\u010de u ministrante ili u dje\u010dji zbor.<\/p>\n<p><strong>\u00a0Vjeronauk za prvopri\u010desnike<\/strong>: O\u0160 \u201eFranjo Tu\u0111man\u201c \u2013 Ponedjeljak u 16 sati<\/p>\n<p>O\u0160 \u201eDomovinske zahvalnosti\u201c \u2013 Petak u 11 i 16 sati<\/p>\n<p><strong>Sastanak za roditelje prvopri\u010desnika i krizmanika<\/strong>: petak poslije ve\u010dernje mise u 18 sati.<\/p>\n<p>U subotu \u0107e u na\u0161oj \u017eupi biti sve\u010danost polaganja <strong>SVE\u010cANIH ZAVIJETA<\/strong> za mlade fratre na\u0161e provincije. Jedan od trojice, koji \u0107e polo\u017eiti sve\u010dane zavjete, je na\u0161 \u017eupljanin fra Nikola \u017dulj, a druga dvojica su iz Conga. Pozivamo vas da sudjelujete na ovom slavlju, a posebno su pozvani mladi. Mo\u017eda Bog kroz ovaj doga\u0111aj nadahne nekoga od mladih na\u0161e \u017eupe za duhovni poziv.<\/p>\n<p><strong>Gospin VIS:<\/strong> tra\u017ee se mladi, koji imaju dar pjevanja, da se prijave u na\u0161 &#8220;Gospin vis&#8221;<\/p>\n<p><strong>\u00a0\u201e40 dana za \u017eivot<\/strong>\u201c. Svaki dan ispred na\u0161e kninske bolnice molimo da se sva za\u010deta djeca i rode. Tako\u0111er molimo i za obra\u0107enje onih koji na bilo koji na\u010din sudjeluju ili promoviraju poba\u010daj. Posebno poti\u010demo o\u010deve i mu\u0161karce da se odazovu ovom pozivu molitve pred bolnicom i dr\u017ee stra\u017eu sv. Josipa srijedom od 12-14 sati.<\/p>\n<p>&nbsp;<\/p>\n","protected":false},"excerpt":{"rendered":"<p>Raspored svetih misa: 27. kga (27. 9. \u2013 4. 10. 2020.) \u2013 Sveti Franjo Crkva Satnica Nakana Sveti Ante 8 + Ante Ga\u0161par Gospa VHKZ 9,30 Pro populo Gospa VHKZ 11 + Frano i Ivan \u0160egrt Gospa VHKZ 19 + Ivica Bari\u0161i\u0107 &nbsp; Ponedjeljak, 5. listopada 7 + Jozefina Kosti\u0107 19 + Ante Vukan\u010di\u0107 Utorak, 6. listopada 7 + Nevenka 19 + Ilija Srijeda, 7. [&hellip;]<\/p>\n","protected":false},"author":2,"featured_media":1464,"comment_status":"closed","ping_status":"closed","sticky":false,"template":"","format":"standard","meta":{"fifu_image_url":"","fifu_image_alt":"","footnotes":""},"categories":[6],"tags":[],"class_list":["post-1468","post","type-post","status-publish","format-standard","has-post-thumbnail","hentry","category-zupne-obavijesti"],"_links":{"self":[{"href":"https:\/\/www.svetianteknin.com\/index.php?rest_route=\/wp\/v2\/posts\/1468","targetHints":{"allow":["GET"]}}],"collection":[{"href":"https:\/\/www.svetianteknin.com\/index.php?rest_route=\/wp\/v2\/posts"}],"about":[{"href":"https:\/\/www.svetianteknin.com\/index.php?rest_route=\/wp\/v2\/types\/post"}],"author":[{"embeddable":true,"href":"https:\/\/www.svetianteknin.com\/index.php?rest_route=\/wp\/v2\/users\/2"}],"replies":[{"embeddable":true,"href":"https:\/\/www.svetianteknin.com\/index.php?rest_route=%2Fwp%2Fv2%2Fcomments&post=1468"}],"version-history":[{"count":3,"href":"https:\/\/www.svetianteknin.com\/index.php?rest_route=\/wp\/v2\/posts\/1468\/revisions"}],"predecessor-version":[{"id":1471,"href":"https:\/\/www.svetianteknin.com\/index.php?rest_route=\/wp\/v2\/posts\/1468\/revisions\/1471"}],"wp:featuredmedia":[{"embeddable":true,"href":"https:\/\/www.svetianteknin.com\/index.php?rest_route=\/wp\/v2\/media\/1464"}],"wp:attachment":[{"href":"https:\/\/www.svetianteknin.com\/index.php?rest_route=%2Fwp%2Fv2%2Fmedia&parent=1468"}],"wp:term":[{"taxonomy":"category","embeddable":true,"href":"https:\/\/www.svetianteknin.com\/index.php?rest_route=%2Fwp%2Fv2%2Fcategories&post=1468"},{"taxonomy":"post_tag","embeddable":true,"href":"https:\/\/www.svetianteknin.com\/index.php?rest_route=%2Fwp%2Fv2%2Ftags&post=1468"}],"curies":[{"name":"wp","href":"https:\/\/api.w.org\/{rel}","templated":true}]}}