{"id":1451,"date":"2020-09-26T19:16:58","date_gmt":"2020-09-26T18:16:58","guid":{"rendered":"http:\/\/www.svetianteknin.com\/?p=1451"},"modified":"2020-09-26T19:51:54","modified_gmt":"2020-09-26T18:51:54","slug":"zupne-obavijesti-27-rujna-2020-26-kga","status":"publish","type":"post","link":"https:\/\/www.svetianteknin.com\/?p=1451","title":{"rendered":"\u017dupne obavijesti, 27. rujna 2020. (26. KGA)"},"content":{"rendered":"<p><strong>Raspored svetih misa: 26. kga (27. 9. \u2013 4. 10. 2020.)<\/strong><\/p>\n<table>\n<tbody>\n<tr>\n<td width=\"151\">Crkva<\/td>\n<td width=\"95\">Satnica<\/td>\n<td width=\"359\">Nakana<\/td>\n<\/tr>\n<tr>\n<td width=\"151\">Sveti Ante<\/td>\n<td width=\"95\">8<\/td>\n<td width=\"359\">+ iz ob. Mlikota<\/td>\n<\/tr>\n<tr>\n<td width=\"151\">Gospa VHKZ<\/td>\n<td width=\"95\">9,30<\/td>\n<td width=\"359\">Pro populo<\/td>\n<\/tr>\n<tr>\n<td width=\"151\">Gospa VHKZ<\/td>\n<td width=\"95\">11<\/td>\n<td width=\"359\">+ Josip Grizelj<\/td>\n<\/tr>\n<tr>\n<td width=\"151\">Gospa VHKZ<\/td>\n<td width=\"95\">19<\/td>\n<td width=\"359\">+ <strong>Zdravko<\/strong> \u0160oli\u0107 i + <strong>Peta<\/strong>r Lin<\/td>\n<\/tr>\n<\/tbody>\n<\/table>\n<p>&nbsp;<\/p>\n<table>\n<tbody>\n<tr>\n<td colspan=\"4\" width=\"569\">Ponedjeljak, 28. rujna<\/td>\n<\/tr>\n<tr>\n<td width=\"47\">7<\/td>\n<td width=\"236\">+ Radojka i pokojni iz ob. Misir<\/td>\n<td width=\"43\">19<\/td>\n<td width=\"244\">+ Mladen Gudelj<\/td>\n<\/tr>\n<tr>\n<td colspan=\"4\" width=\"569\">Utorak, 29. rujna \u2013 Sv. Mihovil<\/td>\n<\/tr>\n<tr>\n<td width=\"47\">7<\/td>\n<td width=\"236\">+ Ante i Marija<\/td>\n<td width=\"43\">19<\/td>\n<td width=\"244\">+ Ljubo Ljubi\u0107<\/td>\n<\/tr>\n<tr>\n<td colspan=\"4\" width=\"569\">Srijeda, 30. rujna<\/td>\n<\/tr>\n<tr>\n<td width=\"47\">7<\/td>\n<td width=\"236\">+ Dobroslav-Sveto<\/td>\n<td width=\"43\">19<\/td>\n<td width=\"244\">+ Ilko Kuljanac<\/td>\n<\/tr>\n<tr>\n<td colspan=\"4\" width=\"569\">\u010cetvrtak, 1. listopada<\/td>\n<\/tr>\n<tr>\n<td width=\"47\">7<\/td>\n<td width=\"236\">+ iz ob. Kosti\u0107<\/td>\n<td width=\"43\">18<\/td>\n<td width=\"244\">+ iz ob. Brni\u0107 i Oki\u0107<\/td>\n<\/tr>\n<tr>\n<td colspan=\"4\" width=\"569\">Petak, 2. listopada \u2013 Prvi petak \u2013 cjelono\u0107no klanjanje<\/td>\n<\/tr>\n<tr>\n<td width=\"47\">7<\/td>\n<td width=\"236\">+ Mato, Ana i Ka\u017eimir D\u017eoja<\/td>\n<td width=\"43\">18<\/td>\n<td width=\"244\">+ Augustin Prskalo<\/td>\n<\/tr>\n<tr>\n<td colspan=\"4\" width=\"569\">Subota, 3. listopada<\/td>\n<\/tr>\n<tr>\n<td width=\"47\">7<\/td>\n<td width=\"236\">+ Slavko Cigi\u0107<\/td>\n<td width=\"43\">18<\/td>\n<td width=\"244\">&nbsp;<\/td>\n<\/tr>\n<\/tbody>\n<\/table>\n<p>&nbsp;<\/p>\n<p>&nbsp;<\/p>\n<p><strong>Susret ministranata<\/strong> je u subotu u 11 sati<\/p>\n<p><strong>Susret i probe pjevanja za dje\u010dji zbor<\/strong> \u2013 u subotu u 11 sati. Molimo roditelje da svoju djecu potaknu da se uklju\u010de u ministrante ili u dje\u010dji zbor. Djeci \u0107e to biti sigurno lijepo iskustvo, a svakom roditelju je drago vidjeti svoje dijete kako slavi Boga kroz ministriranje ili pjevanje.<\/p>\n<ol start=\"29\">\n<li><strong> 9. \u2013 Utorak, Sv. MIHOVIL<\/strong>, za\u0161titnik na\u0161e biskupije \u0161ibenske \u2013 procesija i misa po\u010dinju u 10 sati u \u0161ibenskoj katedrali<\/li>\n<\/ol>\n<p><strong>Od 1. 10. ve\u010dernje mise su u 18 sati<\/strong><\/p>\n<p><strong>Klanjanje pred Presvetim<\/strong> je, po obi\u010daju, svakoga \u010detvrtka poslije ve\u010dernje mise.<\/p>\n<ol start=\"2\">\n<li><strong> 10. \u2013 prvi petak \u2013 cjelono\u0107no klanjanje<\/strong>. Svakog prvog petka na subotu, Gospina crkva \u0107e cijelu no\u0107 biti otvorena za klanjanje pred Presvetim (poslije ve\u010dernje mise do 6:30). Nakana nam je potaknuti srca svih vjernika da Isusa stave u centar svoga \u017eivota. Nema mira bez Boga, nema vjere u Boga bez susreta s njime. A Presveti sakramenat je posebna milost susreta. Zato: do\u0111ite, vidite i molite. Na izlaznim vratima je lista na koju se mo\u017eete upisati kao redari koji mole i \u010duvaju mir u crkvi tijekom cijele no\u0107i. Redari \u0107e se izmjenjivati svaki sat vremena.<\/li>\n<li><strong> 10 \u2013 subota \u2013 u 18 sati misa, a potom Obred preminu\u0107a sv. Oca Franje<\/strong> i osobna molitva pred NJEGOVIM MO\u0106NIKOM. Sveti Franjo utemeljitelj je franjeva\u010dkog Reda. On je ujedno za\u0161titnik \u017eivotinja i katoli\u010dke zauzetosti za o\u010duvanje prirode \u010distom. Umro je u maloj crkvici (porcijunkuli) kod Asiza. Utemeljio je Red manje bra\u0107e i suutemeljitelj je klarisa \u2013 Reda siroma\u0161nih gospo\u0111a. Sveto\u0161\u0107u \u017eivota Sv. Franje nadahnuti su i vjernici laici koji se udru\u017euju u bratstva (Tre\u0107i red) i FRAMU. Sveti Franjo umro je uve\u010der, 3. listopada 1228. godine u Asizu.<\/li>\n<li><strong> 10. \u2013 nedjelja \u2013 proslava sv. Franje<\/strong>. Molite za nas, va\u0161e sve\u0107enike da poput sv. Franje, na\u0161ega utemeljitelja, \u017eivimo Evan\u0111elje Isusa Krista.<\/li>\n<\/ol>\n<p><strong>U srijedu smo zapo\u010deli molitvenu akciju \u201e40 dana za \u017eivot<\/strong>\u201c. Svaki dan ispred na\u0161e kninske bolnice molimo da se sva za\u010deta djeca i rode. Tako\u0111er molimo i za obra\u0107enje onih koji na bilo koji na\u010din sudjeluju ili promoviraju poba\u010daj. Na\u0161i aktivisti su ve\u0107inom \u017eene. Molimo da se i o\u010devi odazovu ovom pozivu i dr\u017ee stra\u017eu sv. Josipa srijedom od 12-14 sati.<\/p>\n<p>Vidjeli ste po katoli\u010dkim portalima da se u ve\u0107im gradovima za ovu priliku odr\u017eavaju procesije s likom Bezgre\u0161ne majke Marije. Procesija kroz Knin bit \u0107e na zavr\u0161etku ove molitvene kampanje. Ve\u0107 sada vas poti\u010demo i hrabrimo da se ne bojite niti da budete mlitavi u svojim kr\u0161\u0107anskim stavovima. \u017divot po\u010dinje za\u010de\u0107em i traje do prirodne smrti. Ovom procesijom pokazujemo javno svoj stav i molimo se Bezgre\u0161noj Majci da moli za nas gre\u0161nike.<\/p>\n<p>&nbsp;<\/p>\n","protected":false},"excerpt":{"rendered":"<p>Raspored svetih misa: 26. kga (27. 9. \u2013 4. 10. 2020.) Crkva Satnica Nakana Sveti Ante 8 + iz ob. Mlikota Gospa VHKZ 9,30 Pro populo Gospa VHKZ 11 + Josip Grizelj Gospa VHKZ 19 + Zdravko \u0160oli\u0107 i + Petar Lin &nbsp; Ponedjeljak, 28. rujna 7 + Radojka i pokojni iz ob. Misir 19 + Mladen Gudelj Utorak, 29. rujna \u2013 Sv. Mihovil 7 [&hellip;]<\/p>\n","protected":false},"author":2,"featured_media":1418,"comment_status":"closed","ping_status":"closed","sticky":false,"template":"","format":"standard","meta":{"fifu_image_url":"","fifu_image_alt":"","footnotes":""},"categories":[6],"tags":[],"class_list":["post-1451","post","type-post","status-publish","format-standard","has-post-thumbnail","hentry","category-zupne-obavijesti"],"_links":{"self":[{"href":"https:\/\/www.svetianteknin.com\/index.php?rest_route=\/wp\/v2\/posts\/1451","targetHints":{"allow":["GET"]}}],"collection":[{"href":"https:\/\/www.svetianteknin.com\/index.php?rest_route=\/wp\/v2\/posts"}],"about":[{"href":"https:\/\/www.svetianteknin.com\/index.php?rest_route=\/wp\/v2\/types\/post"}],"author":[{"embeddable":true,"href":"https:\/\/www.svetianteknin.com\/index.php?rest_route=\/wp\/v2\/users\/2"}],"replies":[{"embeddable":true,"href":"https:\/\/www.svetianteknin.com\/index.php?rest_route=%2Fwp%2Fv2%2Fcomments&post=1451"}],"version-history":[{"count":3,"href":"https:\/\/www.svetianteknin.com\/index.php?rest_route=\/wp\/v2\/posts\/1451\/revisions"}],"predecessor-version":[{"id":1458,"href":"https:\/\/www.svetianteknin.com\/index.php?rest_route=\/wp\/v2\/posts\/1451\/revisions\/1458"}],"wp:featuredmedia":[{"embeddable":true,"href":"https:\/\/www.svetianteknin.com\/index.php?rest_route=\/wp\/v2\/media\/1418"}],"wp:attachment":[{"href":"https:\/\/www.svetianteknin.com\/index.php?rest_route=%2Fwp%2Fv2%2Fmedia&parent=1451"}],"wp:term":[{"taxonomy":"category","embeddable":true,"href":"https:\/\/www.svetianteknin.com\/index.php?rest_route=%2Fwp%2Fv2%2Fcategories&post=1451"},{"taxonomy":"post_tag","embeddable":true,"href":"https:\/\/www.svetianteknin.com\/index.php?rest_route=%2Fwp%2Fv2%2Ftags&post=1451"}],"curies":[{"name":"wp","href":"https:\/\/api.w.org\/{rel}","templated":true}]}}