{"id":1447,"date":"2020-09-19T21:24:37","date_gmt":"2020-09-19T20:24:37","guid":{"rendered":"http:\/\/www.svetianteknin.com\/?p=1447"},"modified":"2020-09-19T21:25:43","modified_gmt":"2020-09-19T20:25:43","slug":"zupne-obavijesti-20-rujna-2020-25-kga","status":"publish","type":"post","link":"https:\/\/www.svetianteknin.com\/?p=1447","title":{"rendered":"\u017dupne obavijesti,  20. rujna 2020 (25 KGA)"},"content":{"rendered":"<p><strong>Raspored svetih misa: 25. kga \u00a020. \u2013 27. 9. 2020.<\/strong><\/p>\n<table>\n<tbody>\n<tr>\n<td width=\"151\">Crkva<\/td>\n<td width=\"95\">Satnica<\/td>\n<td width=\"359\">Nakana<\/td>\n<\/tr>\n<tr>\n<td width=\"151\">Sveti Ante<\/td>\n<td width=\"95\">8<\/td>\n<td width=\"359\">+ iz ob. Mitrovi\u0107 i \u0160o\u0161i\u0107<\/td>\n<\/tr>\n<tr>\n<td width=\"151\">Gospa VHKZ<\/td>\n<td width=\"95\">10<\/td>\n<td width=\"359\">Pro populo<\/td>\n<\/tr>\n<tr>\n<td width=\"151\">Gospa VHKZ<\/td>\n<td width=\"95\">11<\/td>\n<td width=\"359\">+ Marica i Ljubica Komljenovi\u0107<\/td>\n<\/tr>\n<tr>\n<td width=\"151\">Gospa VHKZ<\/td>\n<td width=\"95\">19<\/td>\n<td width=\"359\">+ Kata<\/td>\n<\/tr>\n<\/tbody>\n<\/table>\n<p>&nbsp;<\/p>\n<table>\n<tbody>\n<tr>\n<td colspan=\"4\" width=\"569\">Ponedjeljak, 21. rujna<\/td>\n<\/tr>\n<tr>\n<td width=\"47\">7<\/td>\n<td width=\"236\">+ Zorka i pok iz ob. \u017dulj<\/td>\n<td width=\"43\">19<\/td>\n<td width=\"244\">+ Dragan i Mirko<\/td>\n<\/tr>\n<tr>\n<td colspan=\"4\" width=\"569\">Utorak, 22. rujna<\/td>\n<\/tr>\n<tr>\n<td width=\"47\">7<\/td>\n<td width=\"236\">+ Stjepan Gumi\u0107<\/td>\n<td width=\"43\">19<\/td>\n<td width=\"244\">+ Ivan, Mihovil i pok iz ob. Drgi\u0107<\/td>\n<\/tr>\n<tr>\n<td colspan=\"4\" width=\"569\">Srijeda, 23. rujna<\/td>\n<\/tr>\n<tr>\n<td width=\"47\">7<\/td>\n<td width=\"236\">+ iz ob. Radelji\u0107 o Protu\u0111er<\/td>\n<td width=\"43\">19<\/td>\n<td width=\"244\">+ Marica i Drago Ganjto<\/td>\n<\/tr>\n<tr>\n<td colspan=\"4\" width=\"569\">\u010cetvrtak, 24. rujna<\/td>\n<\/tr>\n<tr>\n<td width=\"47\">7<\/td>\n<td width=\"236\">+ iz ob. Ili\u0107 i Kri\u0161to<\/td>\n<td width=\"43\">19<\/td>\n<td width=\"244\">+ iz ob. Nusdorfer i Lisac<\/td>\n<\/tr>\n<tr>\n<td colspan=\"4\" width=\"569\">Petak, 25. rujna<\/td>\n<\/tr>\n<tr>\n<td width=\"47\">7<\/td>\n<td width=\"236\">Za zdravlje Ivane Kokurovi\u0107 i obitelji<\/td>\n<td width=\"43\">19<\/td>\n<td width=\"244\">+ Anton \u010cujec<\/td>\n<\/tr>\n<tr>\n<td colspan=\"4\" width=\"569\">Subota, 26. rujna<\/td>\n<\/tr>\n<tr>\n<td width=\"47\">7<\/td>\n<td width=\"236\">+ Luca Kosti\u0107<\/td>\n<td width=\"43\">19<\/td>\n<td width=\"244\">+ Ivan Rodek<\/td>\n<\/tr>\n<\/tbody>\n<\/table>\n<p>&nbsp;<\/p>\n<p>Od danas ponovno, nakon ljetne pauze, imamo redovitu misu i u 11 sati<\/p>\n<p>\u010cetvrtkom, poslije ve\u010dernje mise, imamo klanjanje pred Presvetim.<\/p>\n<p>Ministranti imaju susret u subotu u 11 sati<\/p>\n<p>Probe za dje\u010dji zbor su u subotu u 11 sati<\/p>\n<p>Susret za \u010dlanove FRAME je u petak u 18 sati<\/p>\n<p>U slijede\u0107u nedjelju u 11 sati bit \u0107e misa za po\u010detak \u0161kolske godine i blagoslov u\u010deni\u010dkih torbi<\/p>\n<p>\u017dupni vjeronauk za prvopri\u010desnike i krizmanike po\u010det \u0107e po\u010detkom listopada. O tome \u0107ete biti obavje\u0161teni.<\/p>\n<p>U srijedu po\u010dinje molitvena akcija \u201e40 dana za \u017eivot\u201c. \u017divot po\u010dinje za\u010de\u0107em i zavr\u0161ava prirodnom smr\u0107u. Akcija \u201e40 dana za \u017eivot\u201c je molitva za one najslabije, za nero\u0111enu djecu da se rode, ali i za sve lije\u010dnike koji rade abortuse, da se ostave svoga zlog puta i obrate se. Molitva \u201e40 dana za \u017eivot\u201c bit \u0107e ispred na\u0161e kninske bolnice od 8 do 16 sati. Posebno pozivamo o\u010deve da se uklju\u010de u ovu katoli\u010dku akciju.<\/p>\n<p>&nbsp;<\/p>\n","protected":false},"excerpt":{"rendered":"<p>Raspored svetih misa: 25. kga \u00a020. \u2013 27. 9. 2020. Crkva Satnica Nakana Sveti Ante 8 + iz ob. Mitrovi\u0107 i \u0160o\u0161i\u0107 Gospa VHKZ 10 Pro populo Gospa VHKZ 11 + Marica i Ljubica Komljenovi\u0107 Gospa VHKZ 19 + Kata &nbsp; Ponedjeljak, 21. rujna 7 + Zorka i pok iz ob. \u017dulj 19 + Dragan i Mirko Utorak, 22. rujna 7 + Stjepan Gumi\u0107 19 [&hellip;]<\/p>\n","protected":false},"author":2,"featured_media":1427,"comment_status":"closed","ping_status":"closed","sticky":false,"template":"","format":"standard","meta":{"fifu_image_url":"","fifu_image_alt":"","footnotes":""},"categories":[6],"tags":[],"class_list":["post-1447","post","type-post","status-publish","format-standard","has-post-thumbnail","hentry","category-zupne-obavijesti"],"_links":{"self":[{"href":"https:\/\/www.svetianteknin.com\/index.php?rest_route=\/wp\/v2\/posts\/1447","targetHints":{"allow":["GET"]}}],"collection":[{"href":"https:\/\/www.svetianteknin.com\/index.php?rest_route=\/wp\/v2\/posts"}],"about":[{"href":"https:\/\/www.svetianteknin.com\/index.php?rest_route=\/wp\/v2\/types\/post"}],"author":[{"embeddable":true,"href":"https:\/\/www.svetianteknin.com\/index.php?rest_route=\/wp\/v2\/users\/2"}],"replies":[{"embeddable":true,"href":"https:\/\/www.svetianteknin.com\/index.php?rest_route=%2Fwp%2Fv2%2Fcomments&post=1447"}],"version-history":[{"count":1,"href":"https:\/\/www.svetianteknin.com\/index.php?rest_route=\/wp\/v2\/posts\/1447\/revisions"}],"predecessor-version":[{"id":1448,"href":"https:\/\/www.svetianteknin.com\/index.php?rest_route=\/wp\/v2\/posts\/1447\/revisions\/1448"}],"wp:featuredmedia":[{"embeddable":true,"href":"https:\/\/www.svetianteknin.com\/index.php?rest_route=\/wp\/v2\/media\/1427"}],"wp:attachment":[{"href":"https:\/\/www.svetianteknin.com\/index.php?rest_route=%2Fwp%2Fv2%2Fmedia&parent=1447"}],"wp:term":[{"taxonomy":"category","embeddable":true,"href":"https:\/\/www.svetianteknin.com\/index.php?rest_route=%2Fwp%2Fv2%2Fcategories&post=1447"},{"taxonomy":"post_tag","embeddable":true,"href":"https:\/\/www.svetianteknin.com\/index.php?rest_route=%2Fwp%2Fv2%2Ftags&post=1447"}],"curies":[{"name":"wp","href":"https:\/\/api.w.org\/{rel}","templated":true}]}}