{"id":1432,"date":"2020-09-05T20:33:59","date_gmt":"2020-09-05T19:33:59","guid":{"rendered":"http:\/\/www.svetianteknin.com\/?p=1432"},"modified":"2020-09-05T20:41:45","modified_gmt":"2020-09-05T19:41:45","slug":"zupne-obavijesti-6-rujna-2020-23-kga","status":"publish","type":"post","link":"https:\/\/www.svetianteknin.com\/?p=1432","title":{"rendered":"\u017dupne obavijesti, 6. rujna 2020. ( 23. KGA)"},"content":{"rendered":"<p><strong>Raspored svetih misa: 23. kga \u00a06. \u2013 13. 9. 2020.<\/strong><\/p>\n<table>\n<tbody>\n<tr>\n<td width=\"151\">Crkva<\/td>\n<td width=\"95\">Satnica<\/td>\n<td width=\"359\">Nakana<\/td>\n<\/tr>\n<tr>\n<td width=\"151\">Sveti Ante<\/td>\n<td width=\"95\">8<\/td>\n<td width=\"359\">+ Ana, Pero, Mara, Jozo i Mara<\/td>\n<\/tr>\n<tr>\n<td width=\"151\">Gospa VHKZ<\/td>\n<td width=\"95\">9,30<\/td>\n<td width=\"359\">Pro populo pok iz ob. Ri\u0111i\u0107<\/td>\n<\/tr>\n<tr>\n<td width=\"151\">Gospa VHKZ<\/td>\n<td width=\"95\">19<\/td>\n<td width=\"359\">+ Nikola<\/td>\n<\/tr>\n<\/tbody>\n<\/table>\n<p>&nbsp;<\/p>\n<table>\n<tbody>\n<tr>\n<td colspan=\"4\" width=\"569\">Ponedjeljak, 7. rujna<\/td>\n<\/tr>\n<tr>\n<td width=\"47\">7<\/td>\n<td width=\"236\">+ Mirko Bo\u017ei\u0107<\/td>\n<td width=\"43\">19<\/td>\n<td width=\"244\">+ Anto<\/td>\n<\/tr>\n<tr>\n<td colspan=\"4\" width=\"569\">Utorak, 8. rujna \u00a0&#8211; MALA GOSPA<\/td>\n<\/tr>\n<tr>\n<td width=\"47\">7<\/td>\n<td width=\"236\">+ Ante i Vinko Parlov<\/td>\n<td width=\"43\">19<\/td>\n<td width=\"244\">+ Anica Rado\u0161evi\u0107<\/td>\n<\/tr>\n<tr>\n<td colspan=\"4\" width=\"569\">Srijeda, 9. rujna<\/td>\n<\/tr>\n<tr>\n<td width=\"47\">7<\/td>\n<td width=\"236\">+ Cvitko i Marija \u017deravica<\/td>\n<td width=\"43\">19<\/td>\n<td width=\"244\">+ Dragica, Marko, Ilija i \u0160ima<\/td>\n<\/tr>\n<tr>\n<td colspan=\"4\" width=\"569\">\u010cetvrtak,10. rujna<\/td>\n<\/tr>\n<tr>\n<td width=\"47\">7<\/td>\n<td width=\"236\">Na \u010dast Krvi Kristove<\/td>\n<td width=\"43\">19<\/td>\n<td width=\"244\">+ Ljupka i Ru\u017ea<\/td>\n<\/tr>\n<tr>\n<td colspan=\"4\" width=\"569\">Petak, 11. rujna<\/td>\n<\/tr>\n<tr>\n<td width=\"47\">7<\/td>\n<td width=\"236\">+ Anka Hrvatin<\/td>\n<td width=\"43\">19<\/td>\n<td width=\"244\">+ Sa\u0161a Mandi\u0107 i\u00a0 + Anka Orban<\/td>\n<\/tr>\n<tr>\n<td colspan=\"4\" width=\"569\">Subota, 12. rujna<\/td>\n<\/tr>\n<tr>\n<td width=\"47\">7<\/td>\n<td width=\"236\">+ Franjo, Milka, Kata i Lenka<\/td>\n<td width=\"43\">19<\/td>\n<td width=\"244\">BISKUPIJA &#8211; + Ivica Tomi\u0107<\/td>\n<\/tr>\n<\/tbody>\n<\/table>\n<p>&nbsp;<\/p>\n<p>&nbsp;<\/p>\n<p>Na malu Gospu, 8. rujna, mise su u 7 u Sv. Ante, u 19 u Gospinoj crkvi. Mise u Palanci u 17 sati, a u Lukaru (Promina) u 10.30 sati<\/p>\n<p>&nbsp;<\/p>\n<p>Slijede\u0107a nedjelja je proslava Na\u0161e Gospe Velikog hrvatskog krsnog zavjeta u Biskupiji. U subotu u 19 sati bit \u0107e misno bdijenje. Zbog toga ne \u0107e biti ve\u010dernje mise u Kninu. Tko \u017eeli u subotu nave\u010der hodo\u010dastiti u Biskupiju, polazak je iz Gospine crkve u 16.30 sati. \u00a0Posebno pozivamo mlade da se uklju\u010de, jer \u0107e i molitveni program biti prilago\u0111en mladima. S hodo\u010dasnicima \u0107e pje\u0161a\u010diti i na\u0161 kapelan fra Filip \u010cogelja. U Biskupiji \u0107e biti prigoda za ispovijed.<\/p>\n<p>U nedjelju nema jutarnjih misa ni u sv. Ante ni u Gospinoj crkvi. Misu \u0107emo imati u Biskupiji. Procesija je u 10 sati, a zatim slijedi sveta misa. Ove godine ne \u0107emo imati organizirani prijevoz autobusom. Za one koji nikako ne mogu do\u0107i u Biskupiju, bit \u0107e tiha ve\u010dernja misa u Gospinoj crkvi u 19 sati.<\/p>\n<p>&nbsp;<\/p>\n<div id=\"attachment_1422\" style=\"width: 507px\" class=\"wp-caption alignnone\"><img loading=\"lazy\" decoding=\"async\" aria-describedby=\"caption-attachment-1422\" class=\"wp-image-1422\" src=\"https:\/\/www.svetianteknin.com\/wp-content\/uploads\/2020\/08\/20200827_185602.jpg\" alt=\"\" width=\"497\" height=\"585\" srcset=\"https:\/\/www.svetianteknin.com\/wp-content\/uploads\/2020\/08\/20200827_185602.jpg 900w, https:\/\/www.svetianteknin.com\/wp-content\/uploads\/2020\/08\/20200827_185602-255x300.jpg 255w, https:\/\/www.svetianteknin.com\/wp-content\/uploads\/2020\/08\/20200827_185602-768x904.jpg 768w\" sizes=\"auto, (max-width: 497px) 100vw, 497px\" \/><p id=\"caption-attachment-1422\" class=\"wp-caption-text\">Sveti Ante Knin<\/p><\/div>\n","protected":false},"excerpt":{"rendered":"<p>Raspored svetih misa: 23. kga \u00a06. \u2013 13. 9. 2020. Crkva Satnica Nakana Sveti Ante 8 + Ana, Pero, Mara, Jozo i Mara Gospa VHKZ 9,30 Pro populo pok iz ob. Ri\u0111i\u0107 Gospa VHKZ 19 + Nikola &nbsp; Ponedjeljak, 7. rujna 7 + Mirko Bo\u017ei\u0107 19 + Anto Utorak, 8. rujna \u00a0&#8211; MALA GOSPA 7 + Ante i Vinko Parlov 19 + Anica Rado\u0161evi\u0107 Srijeda, [&hellip;]<\/p>\n","protected":false},"author":2,"featured_media":1422,"comment_status":"closed","ping_status":"closed","sticky":false,"template":"","format":"standard","meta":{"fifu_image_url":"","fifu_image_alt":"","footnotes":""},"categories":[1,6],"tags":[],"class_list":["post-1432","post","type-post","status-publish","format-standard","has-post-thumbnail","hentry","category-naslovnica","category-zupne-obavijesti"],"_links":{"self":[{"href":"https:\/\/www.svetianteknin.com\/index.php?rest_route=\/wp\/v2\/posts\/1432","targetHints":{"allow":["GET"]}}],"collection":[{"href":"https:\/\/www.svetianteknin.com\/index.php?rest_route=\/wp\/v2\/posts"}],"about":[{"href":"https:\/\/www.svetianteknin.com\/index.php?rest_route=\/wp\/v2\/types\/post"}],"author":[{"embeddable":true,"href":"https:\/\/www.svetianteknin.com\/index.php?rest_route=\/wp\/v2\/users\/2"}],"replies":[{"embeddable":true,"href":"https:\/\/www.svetianteknin.com\/index.php?rest_route=%2Fwp%2Fv2%2Fcomments&post=1432"}],"version-history":[{"count":3,"href":"https:\/\/www.svetianteknin.com\/index.php?rest_route=\/wp\/v2\/posts\/1432\/revisions"}],"predecessor-version":[{"id":1435,"href":"https:\/\/www.svetianteknin.com\/index.php?rest_route=\/wp\/v2\/posts\/1432\/revisions\/1435"}],"wp:featuredmedia":[{"embeddable":true,"href":"https:\/\/www.svetianteknin.com\/index.php?rest_route=\/wp\/v2\/media\/1422"}],"wp:attachment":[{"href":"https:\/\/www.svetianteknin.com\/index.php?rest_route=%2Fwp%2Fv2%2Fmedia&parent=1432"}],"wp:term":[{"taxonomy":"category","embeddable":true,"href":"https:\/\/www.svetianteknin.com\/index.php?rest_route=%2Fwp%2Fv2%2Fcategories&post=1432"},{"taxonomy":"post_tag","embeddable":true,"href":"https:\/\/www.svetianteknin.com\/index.php?rest_route=%2Fwp%2Fv2%2Ftags&post=1432"}],"curies":[{"name":"wp","href":"https:\/\/api.w.org\/{rel}","templated":true}]}}