{"id":1417,"date":"2020-08-29T21:50:13","date_gmt":"2020-08-29T20:50:13","guid":{"rendered":"http:\/\/www.svetianteknin.com\/?p=1417"},"modified":"2020-08-29T21:50:13","modified_gmt":"2020-08-29T20:50:13","slug":"zupne-obavijesti-29-kolovoza-2020-22-kga","status":"publish","type":"post","link":"https:\/\/www.svetianteknin.com\/?p=1417","title":{"rendered":"\u017dupne obavijesti, 29. kolovoza 2020. (22 KGA)"},"content":{"rendered":"<p>Vezano za \u0161irenje zaraze COVID-19, stanje se svakim danom mijenja. \u010cesto nas mjere za\u0161tite znaju zbuniti. Preporu\u010dujemo da se razborito i odgovorno pona\u0161ate. Svakako preporu\u010dujem da u cijeloj &#8220;listi&#8221; naredbi i propisa, sa\u010duvate duhovno i du\u0161evno zdravlje. Predla\u017eem da se \u0161to vi\u0161e smijete, radujete \u017eivotu i molite Bogu za duhovnu snagu. Ne bojte se, pro\u0107i \u0107e i ovaj kri\u017e, a s Bo\u017ejom pomo\u0107i \u017eelim da iza\u0111emo jo\u0161 ja\u010di i postojaniji u vjeri.<\/p>\n<p><strong>Raspored svetih misa: 22. kga 30. 08. \u2013 5. 9. 2020.)<\/strong><\/p>\n<table>\n<tbody>\n<tr>\n<td width=\"151\">Crkva<\/td>\n<td width=\"95\">Satnica<\/td>\n<td width=\"359\">Nakana<\/td>\n<\/tr>\n<tr>\n<td width=\"151\">Sveti Ante<\/td>\n<td width=\"95\">8<\/td>\n<td width=\"359\">+ Dragutin Jandri\u0107<\/td>\n<\/tr>\n<tr>\n<td width=\"151\">Gospa VHKZ<\/td>\n<td width=\"95\">9,30<\/td>\n<td width=\"359\">Pro populo<\/td>\n<\/tr>\n<tr>\n<td width=\"151\">Gospa VHKZ<\/td>\n<td width=\"95\">19<\/td>\n<td width=\"359\">+ iz ob. Dakalovi\u0107<\/td>\n<\/tr>\n<\/tbody>\n<\/table>\n<p>&nbsp;<\/p>\n<table>\n<tbody>\n<tr>\n<td colspan=\"4\" width=\"569\">Ponedjeljak, 31. kolovoza<\/td>\n<\/tr>\n<tr>\n<td width=\"47\">7<\/td>\n<td width=\"236\">+ Ivka, Anto i Frano<\/td>\n<td width=\"43\">19<\/td>\n<td width=\"244\">+ Vinko, Mijo i pok. iz ob. Bari\u0161i\u0107, Raos, Peri\u0107 i Kosti\u0107<\/td>\n<\/tr>\n<tr>\n<td colspan=\"4\" width=\"569\">Utorak, 1. rujna<\/td>\n<\/tr>\n<tr>\n<td width=\"47\">7<\/td>\n<td width=\"236\">+ Ivica Bari\u0107<\/td>\n<td width=\"43\">19<\/td>\n<td width=\"244\">+ Filip i pok. iz ob. Br\u010dina i Suba\u0161i\u0107<\/td>\n<\/tr>\n<tr>\n<td colspan=\"4\" width=\"569\">Srijeda, 2. rujna<\/td>\n<\/tr>\n<tr>\n<td width=\"47\">7<\/td>\n<td width=\"236\">+ Radislav<\/td>\n<td width=\"43\">19<\/td>\n<td width=\"244\">Pok i ubijeni na kninskoj tvr\u0111avi<\/td>\n<\/tr>\n<tr>\n<td colspan=\"4\" width=\"569\">\u010cetvrtak,3. rujna<\/td>\n<\/tr>\n<tr>\n<td width=\"47\">7<\/td>\n<td width=\"236\">+ An\u0111a Mi\u0161ki\u0107<\/td>\n<td width=\"43\">19<\/td>\n<td width=\"244\">+ Branko Palavra<\/td>\n<\/tr>\n<tr>\n<td colspan=\"4\" width=\"569\">Petak, 4. rujna \u2013 PRVI PETAK<\/td>\n<\/tr>\n<tr>\n<td width=\"47\">7<\/td>\n<td width=\"236\">+ Jozo Mari\u0107<\/td>\n<td width=\"43\">19<\/td>\n<td width=\"244\">+ An\u0111a, Anto, Nikolina, Tomislav i Marica<\/td>\n<\/tr>\n<tr>\n<td colspan=\"4\" width=\"569\">Subota, 5. rujna<\/td>\n<\/tr>\n<tr>\n<td width=\"47\">7<\/td>\n<td width=\"236\">+ Ivan, Nevenka, Zoran i Smilja<\/td>\n<td width=\"43\">19<\/td>\n<td width=\"244\">+ Josip Jeli\u0107<\/td>\n<\/tr>\n<\/tbody>\n<\/table>\n<p>&nbsp;<\/p>\n<p>&nbsp;<\/p>\n<p>&nbsp;<\/p>\n<p>&nbsp;<\/p>\n","protected":false},"excerpt":{"rendered":"<p>Vezano za \u0161irenje zaraze COVID-19, stanje se svakim danom mijenja. \u010cesto nas mjere za\u0161tite znaju zbuniti. Preporu\u010dujemo da se razborito i odgovorno pona\u0161ate. Svakako preporu\u010dujem da u cijeloj &#8220;listi&#8221; naredbi i propisa, sa\u010duvate duhovno i du\u0161evno zdravlje. Predla\u017eem da se \u0161to vi\u0161e smijete, radujete \u017eivotu i molite Bogu za duhovnu snagu. Ne bojte se, pro\u0107i \u0107e i ovaj kri\u017e, a s Bo\u017ejom pomo\u0107i \u017eelim da [&hellip;]<\/p>\n","protected":false},"author":2,"featured_media":1419,"comment_status":"closed","ping_status":"closed","sticky":false,"template":"","format":"standard","meta":{"fifu_image_url":"","fifu_image_alt":"","footnotes":""},"categories":[6],"tags":[],"class_list":["post-1417","post","type-post","status-publish","format-standard","has-post-thumbnail","hentry","category-zupne-obavijesti"],"_links":{"self":[{"href":"https:\/\/www.svetianteknin.com\/index.php?rest_route=\/wp\/v2\/posts\/1417","targetHints":{"allow":["GET"]}}],"collection":[{"href":"https:\/\/www.svetianteknin.com\/index.php?rest_route=\/wp\/v2\/posts"}],"about":[{"href":"https:\/\/www.svetianteknin.com\/index.php?rest_route=\/wp\/v2\/types\/post"}],"author":[{"embeddable":true,"href":"https:\/\/www.svetianteknin.com\/index.php?rest_route=\/wp\/v2\/users\/2"}],"replies":[{"embeddable":true,"href":"https:\/\/www.svetianteknin.com\/index.php?rest_route=%2Fwp%2Fv2%2Fcomments&post=1417"}],"version-history":[{"count":1,"href":"https:\/\/www.svetianteknin.com\/index.php?rest_route=\/wp\/v2\/posts\/1417\/revisions"}],"predecessor-version":[{"id":1430,"href":"https:\/\/www.svetianteknin.com\/index.php?rest_route=\/wp\/v2\/posts\/1417\/revisions\/1430"}],"wp:featuredmedia":[{"embeddable":true,"href":"https:\/\/www.svetianteknin.com\/index.php?rest_route=\/wp\/v2\/media\/1419"}],"wp:attachment":[{"href":"https:\/\/www.svetianteknin.com\/index.php?rest_route=%2Fwp%2Fv2%2Fmedia&parent=1417"}],"wp:term":[{"taxonomy":"category","embeddable":true,"href":"https:\/\/www.svetianteknin.com\/index.php?rest_route=%2Fwp%2Fv2%2Fcategories&post=1417"},{"taxonomy":"post_tag","embeddable":true,"href":"https:\/\/www.svetianteknin.com\/index.php?rest_route=%2Fwp%2Fv2%2Ftags&post=1417"}],"curies":[{"name":"wp","href":"https:\/\/api.w.org\/{rel}","templated":true}]}}