{"id":1280,"date":"2020-07-25T22:30:36","date_gmt":"2020-07-25T21:30:36","guid":{"rendered":"http:\/\/www.svetianteknin.com\/?p=1280"},"modified":"2020-07-25T22:30:36","modified_gmt":"2020-07-25T21:30:36","slug":"zupne-obavijesti-17-kga-26-7-2-8-2020","status":"publish","type":"post","link":"https:\/\/www.svetianteknin.com\/?p=1280","title":{"rendered":"\u017dupne obavijesti, 17 KGA (26. 7. &#8211; 2. 8. 2020.)"},"content":{"rendered":"<p><strong>Raspored svetih misa: 17. kga (26. 7. \u00a0\u2013 2. 8. 2020.) \u2013 Sveta Ana<\/strong><\/p>\n<table>\n<tbody>\n<tr>\n<td width=\"151\">Crkva<\/td>\n<td width=\"95\">Satnica<\/td>\n<td width=\"359\">Nakana<\/td>\n<\/tr>\n<tr>\n<td width=\"151\">Sveti Ante<\/td>\n<td width=\"95\">8<\/td>\n<td width=\"359\">&#8212;<\/td>\n<\/tr>\n<tr>\n<td width=\"151\">Gospa VHKZ<\/td>\n<td width=\"95\">9,30<\/td>\n<td width=\"359\">Pro populo<\/td>\n<\/tr>\n<tr>\n<td width=\"151\">Gospa VHKZ<\/td>\n<td width=\"95\">19<\/td>\n<td width=\"359\">&#8212;<\/td>\n<\/tr>\n<\/tbody>\n<\/table>\n<p>&nbsp;<\/p>\n<table>\n<tbody>\n<tr>\n<td colspan=\"4\" width=\"569\">Ponedjeljak, 27. srpnja<\/td>\n<\/tr>\n<tr>\n<td width=\"47\">7<\/td>\n<td width=\"236\">+ Matija i Jakov i + iz ob. Vuku\u0161i\u0107<\/td>\n<td width=\"43\">19<\/td>\n<td width=\"244\">+ Ana i + iz ob. Drijen\u010di\u0107<\/td>\n<\/tr>\n<tr>\n<td colspan=\"4\" width=\"569\">Utorak, 28. srpnja<\/td>\n<\/tr>\n<tr>\n<td width=\"47\">7<\/td>\n<td width=\"236\">+ Slavko i Dragica Krvavica<\/td>\n<td width=\"43\">19<\/td>\n<td width=\"244\">+ Luka, Jela, Ivan i Ljubica<\/td>\n<\/tr>\n<tr>\n<td colspan=\"4\" width=\"569\">Srijeda, 29. srpnja<\/td>\n<\/tr>\n<tr>\n<td width=\"47\">7<\/td>\n<td width=\"236\">+ Matilda<\/td>\n<td width=\"43\">19<\/td>\n<td width=\"244\">+ Stanko i + iz ob. Abramovi\u0107<\/td>\n<\/tr>\n<tr>\n<td colspan=\"4\" width=\"569\">\u010cetvrtak, 30. srpnja<\/td>\n<\/tr>\n<tr>\n<td width=\"47\">7<\/td>\n<td width=\"236\">+ Ante<\/td>\n<td width=\"43\">19<\/td>\n<td width=\"244\">+ Martin Jovanac<\/td>\n<\/tr>\n<tr>\n<td colspan=\"4\" width=\"569\">Petak, 31. srpnja<\/td>\n<\/tr>\n<tr>\n<td width=\"47\">7<\/td>\n<td width=\"236\">+ Tomislav Megla<\/td>\n<td width=\"43\">19<\/td>\n<td width=\"244\">+ Andrija i Ivka Spaji\u0107<\/p>\n<p>+ Ljubomir Ljubi\u0107<\/td>\n<\/tr>\n<tr>\n<td colspan=\"4\" width=\"569\">Subota, 1. kolovoza<\/td>\n<\/tr>\n<tr>\n<td width=\"47\">7<\/td>\n<td width=\"236\">+ Anto Matijevi\u0107<\/td>\n<td width=\"43\">19<\/td>\n<td width=\"244\">+ Marija Zlati\u0107<\/td>\n<\/tr>\n<\/tbody>\n<\/table>\n<p>&nbsp;<\/p>\n<p>&nbsp;<\/p>\n<p>Slijede\u0107a nedjelja je <strong>Gospa od An\u0111ela<\/strong>. Na poseban na\u010din slavi se na Visovcu. Svete mise su u 6,7,8, 10, 16, 17, 18 sati. Cijeli dan bit \u0107e prigoda za ispovijed. Toga dana (Gospa od An\u0111ela) u svim franjeva\u010dkim sveti\u0161tima i crkvama vrijedi povlastica potpunog (porcijunkulskog) oprosta od vremenitih kazni onima koji ispune slijede\u0107e uvjete: 1. Pohoditi crkvu \u2013 franjeva\u010dko sveti\u0161te, 2. Ispovjediti se; 3. Izmoliti O\u010de na\u0161 i Vjerovanje i 4. Pomoliti se na nakanu svetoga oca Pape za potrebe Crkve. \u00a0Tko ne mo\u017ee na Visovac, prigoda za ispovijed bit \u0107e i u na\u0161im crkvama prije svetih misa.<\/p>\n","protected":false},"excerpt":{"rendered":"<p>Raspored svetih misa: 17. kga (26. 7. \u00a0\u2013 2. 8. 2020.) \u2013 Sveta Ana Crkva Satnica Nakana Sveti Ante 8 &#8212; Gospa VHKZ 9,30 Pro populo Gospa VHKZ 19 &#8212; &nbsp; Ponedjeljak, 27. srpnja 7 + Matija i Jakov i + iz ob. Vuku\u0161i\u0107 19 + Ana i + iz ob. Drijen\u010di\u0107 Utorak, 28. srpnja 7 + Slavko i Dragica Krvavica 19 + Luka, Jela, [&hellip;]<\/p>\n","protected":false},"author":2,"featured_media":1243,"comment_status":"closed","ping_status":"closed","sticky":false,"template":"","format":"standard","meta":{"fifu_image_url":"","fifu_image_alt":"","footnotes":""},"categories":[42,6],"tags":[],"class_list":["post-1280","post","type-post","status-publish","format-standard","has-post-thumbnail","hentry","category-najnovije-objave","category-zupne-obavijesti"],"_links":{"self":[{"href":"https:\/\/www.svetianteknin.com\/index.php?rest_route=\/wp\/v2\/posts\/1280","targetHints":{"allow":["GET"]}}],"collection":[{"href":"https:\/\/www.svetianteknin.com\/index.php?rest_route=\/wp\/v2\/posts"}],"about":[{"href":"https:\/\/www.svetianteknin.com\/index.php?rest_route=\/wp\/v2\/types\/post"}],"author":[{"embeddable":true,"href":"https:\/\/www.svetianteknin.com\/index.php?rest_route=\/wp\/v2\/users\/2"}],"replies":[{"embeddable":true,"href":"https:\/\/www.svetianteknin.com\/index.php?rest_route=%2Fwp%2Fv2%2Fcomments&post=1280"}],"version-history":[{"count":1,"href":"https:\/\/www.svetianteknin.com\/index.php?rest_route=\/wp\/v2\/posts\/1280\/revisions"}],"predecessor-version":[{"id":1281,"href":"https:\/\/www.svetianteknin.com\/index.php?rest_route=\/wp\/v2\/posts\/1280\/revisions\/1281"}],"wp:featuredmedia":[{"embeddable":true,"href":"https:\/\/www.svetianteknin.com\/index.php?rest_route=\/wp\/v2\/media\/1243"}],"wp:attachment":[{"href":"https:\/\/www.svetianteknin.com\/index.php?rest_route=%2Fwp%2Fv2%2Fmedia&parent=1280"}],"wp:term":[{"taxonomy":"category","embeddable":true,"href":"https:\/\/www.svetianteknin.com\/index.php?rest_route=%2Fwp%2Fv2%2Fcategories&post=1280"},{"taxonomy":"post_tag","embeddable":true,"href":"https:\/\/www.svetianteknin.com\/index.php?rest_route=%2Fwp%2Fv2%2Ftags&post=1280"}],"curies":[{"name":"wp","href":"https:\/\/api.w.org\/{rel}","templated":true}]}}