{"id":1092,"date":"2020-07-18T21:16:16","date_gmt":"2020-07-18T20:16:16","guid":{"rendered":"http:\/\/www.svetianteknin.com\/?p=1092"},"modified":"2020-07-22T14:01:12","modified_gmt":"2020-07-22T13:01:12","slug":"zupne-obavijesti-16-kga-19-26-srpnja-2020","status":"publish","type":"post","link":"https:\/\/www.svetianteknin.com\/?p=1092","title":{"rendered":"\u017dupne obavijesti, 16. KGA (19. &#8211; 26. srpnja 2020)"},"content":{"rendered":"<p><strong>Raspored svetih misa: 16. kga (19. \u00a0\u2013 26. 7. 2020.)<\/strong><\/p>\n<table>\n<tbody>\n<tr>\n<td width=\"151\">Crkva<\/td>\n<td width=\"95\">Satnica<\/td>\n<td width=\"359\">Nakana<\/td>\n<\/tr>\n<tr>\n<td width=\"151\">Sveti Ante<\/td>\n<td width=\"95\">8<\/td>\n<td width=\"359\">+ Bla\u017ean i Marinko \u0160amija<\/td>\n<\/tr>\n<tr>\n<td width=\"151\">Gospa VHKZ<\/td>\n<td width=\"95\">9,30<\/td>\n<td width=\"359\">Pro populo<\/td>\n<\/tr>\n<tr>\n<td width=\"151\">Gospa VHKZ<\/td>\n<td width=\"95\">19<\/td>\n<td width=\"359\">+ iz ob. Bari\u0161i\u0107<\/td>\n<\/tr>\n<\/tbody>\n<\/table>\n<p>&nbsp;<\/p>\n<table>\n<tbody>\n<tr>\n<td colspan=\"4\" width=\"569\">Ponedjeljak, 20. srpnja<\/td>\n<\/tr>\n<tr>\n<td width=\"47\">7<\/td>\n<td width=\"236\">Na odluku s. Ilinka<\/td>\n<td width=\"43\">19<\/td>\n<td width=\"244\">+ Josip Tolo<\/td>\n<\/tr>\n<tr>\n<td colspan=\"4\" width=\"569\">Utorak, 21. srpnja<\/td>\n<\/tr>\n<tr>\n<td width=\"47\">7<\/td>\n<td width=\"236\">+ Anka \u0160koro<\/td>\n<td width=\"43\">19<\/td>\n<td width=\"244\">+ iz ob. Pulji\u0107 i Ko\u017eul<\/td>\n<\/tr>\n<tr>\n<td colspan=\"4\" width=\"569\">Srijeda, 22. srpnja<\/td>\n<\/tr>\n<tr>\n<td width=\"47\">7<\/td>\n<td width=\"236\">+ Vanja Nikoli\u0107<\/td>\n<td width=\"43\">19<\/td>\n<td width=\"244\">+ Stanko i pok iz ob. Abramovi\u0107<\/td>\n<\/tr>\n<tr>\n<td colspan=\"4\" width=\"569\">\u010cetvrtak, 23. srpnja<\/td>\n<\/tr>\n<tr>\n<td width=\"47\">7<\/td>\n<td width=\"236\">Na odluku<\/td>\n<td width=\"43\">19<\/td>\n<td width=\"244\">+ Slavica i pok iz ob. Jur\u010devi\u0107<\/td>\n<\/tr>\n<tr>\n<td colspan=\"4\" width=\"569\">Petak, 24. srpnja<\/td>\n<\/tr>\n<tr>\n<td width=\"47\">7<\/td>\n<td width=\"236\">+ Pavao Debeljak<\/td>\n<td width=\"43\">19<\/td>\n<td width=\"244\">+ Marinko Stoj\u010devi\u0107<\/td>\n<\/tr>\n<tr>\n<td colspan=\"4\" width=\"569\">Subota, 25. srpnja \u2013 Sv. jakov<\/td>\n<\/tr>\n<tr>\n<td width=\"47\">7<\/td>\n<td width=\"236\">+ Mate, Marija i pok.iz ob. \u017darkovi\u0107<\/td>\n<td width=\"43\">19<\/td>\n<td width=\"244\">+ Ana Banovi\u0107<\/td>\n<\/tr>\n<\/tbody>\n<\/table>\n<p>&nbsp;<\/p>\n<p>Subota: <strong>Sv. Jakov<\/strong>, za\u0161titnik \u017eupe Vrpolje. Misa u 9 sati<\/p>\n<p>&nbsp;<\/p>\n<p>Slijede\u0107a nedjelja je <strong>Sveta Ana u Kosovu<\/strong>. Misa u 10 sati u dvori\u0161tu crkve svete Ane. Mise u Kninu u Sv. Ante u 8, a ve\u010dernja u Gospinoj crkvi u 19 sati.\u00a0 U slijede\u0107u nedjelju nema mise u Kninu u 9:30 sati. Za prijevoz se nastojte sami organizirati.<\/p>\n","protected":false},"excerpt":{"rendered":"<p>Raspored svetih misa: 16. kga (19. \u00a0\u2013 26. 7. 2020.) Crkva Satnica Nakana Sveti Ante 8 + Bla\u017ean i Marinko \u0160amija Gospa VHKZ 9,30 Pro populo Gospa VHKZ 19 + iz ob. Bari\u0161i\u0107 &nbsp; Ponedjeljak, 20. srpnja 7 Na odluku s. Ilinka 19 + Josip Tolo Utorak, 21. srpnja 7 + Anka \u0160koro 19 + iz ob. Pulji\u0107 i Ko\u017eul Srijeda, 22. srpnja 7 + [&hellip;]<\/p>\n","protected":false},"author":2,"featured_media":992,"comment_status":"closed","ping_status":"closed","sticky":false,"template":"","format":"standard","meta":{"fifu_image_url":"","fifu_image_alt":"","footnotes":""},"categories":[42,6],"tags":[],"class_list":["post-1092","post","type-post","status-publish","format-standard","has-post-thumbnail","hentry","category-najnovije-objave","category-zupne-obavijesti"],"_links":{"self":[{"href":"https:\/\/www.svetianteknin.com\/index.php?rest_route=\/wp\/v2\/posts\/1092","targetHints":{"allow":["GET"]}}],"collection":[{"href":"https:\/\/www.svetianteknin.com\/index.php?rest_route=\/wp\/v2\/posts"}],"about":[{"href":"https:\/\/www.svetianteknin.com\/index.php?rest_route=\/wp\/v2\/types\/post"}],"author":[{"embeddable":true,"href":"https:\/\/www.svetianteknin.com\/index.php?rest_route=\/wp\/v2\/users\/2"}],"replies":[{"embeddable":true,"href":"https:\/\/www.svetianteknin.com\/index.php?rest_route=%2Fwp%2Fv2%2Fcomments&post=1092"}],"version-history":[{"count":1,"href":"https:\/\/www.svetianteknin.com\/index.php?rest_route=\/wp\/v2\/posts\/1092\/revisions"}],"predecessor-version":[{"id":1093,"href":"https:\/\/www.svetianteknin.com\/index.php?rest_route=\/wp\/v2\/posts\/1092\/revisions\/1093"}],"wp:featuredmedia":[{"embeddable":true,"href":"https:\/\/www.svetianteknin.com\/index.php?rest_route=\/wp\/v2\/media\/992"}],"wp:attachment":[{"href":"https:\/\/www.svetianteknin.com\/index.php?rest_route=%2Fwp%2Fv2%2Fmedia&parent=1092"}],"wp:term":[{"taxonomy":"category","embeddable":true,"href":"https:\/\/www.svetianteknin.com\/index.php?rest_route=%2Fwp%2Fv2%2Fcategories&post=1092"},{"taxonomy":"post_tag","embeddable":true,"href":"https:\/\/www.svetianteknin.com\/index.php?rest_route=%2Fwp%2Fv2%2Ftags&post=1092"}],"curies":[{"name":"wp","href":"https:\/\/api.w.org\/{rel}","templated":true}]}}