{"id":1078,"date":"2020-07-06T08:36:06","date_gmt":"2020-07-06T07:36:06","guid":{"rendered":"http:\/\/www.svetianteknin.com\/?p=1078"},"modified":"2020-07-22T14:01:12","modified_gmt":"2020-07-22T13:01:12","slug":"zupne-obavijesti-14-kga-5-7-2020","status":"publish","type":"post","link":"https:\/\/www.svetianteknin.com\/?p=1078","title":{"rendered":"\u017dupne obavijesti, 14 KGA (5. 7. 2020.)"},"content":{"rendered":"<table>\n<tbody>\n<tr>\n<td width=\"151\">Crkva<\/td>\n<td width=\"95\">Satnica<\/td>\n<td width=\"359\">Nakana<\/td>\n<\/tr>\n<tr>\n<td width=\"151\">Sveti Ante<\/td>\n<td width=\"95\">8<\/td>\n<td width=\"359\">+ iz ob. Maru\u0161i\u0107 i Kri\u017ei\u0107<\/td>\n<\/tr>\n<tr>\n<td width=\"151\">Gospa VHKZ<\/td>\n<td width=\"95\">9,30<\/td>\n<td width=\"359\">Pro populo<\/td>\n<\/tr>\n<tr>\n<td width=\"151\">Gospa VHKZ<\/td>\n<td width=\"95\">19<\/td>\n<td width=\"359\">+ Jela i Jozo Tomi\u0107<\/p>\n<p>+ Ljuba i Jozo Markovi\u0107<\/td>\n<\/tr>\n<\/tbody>\n<\/table>\n<p>&nbsp;<\/p>\n<table>\n<tbody>\n<tr>\n<td colspan=\"4\" width=\"569\">Ponedjeljak, 6. srpnja<\/td>\n<\/tr>\n<tr>\n<td width=\"47\">7<\/td>\n<td width=\"236\">+ pok. i ubijene na kninskoj tvr\u0111avi<\/td>\n<td width=\"43\">19<\/td>\n<td width=\"244\">+ Antun i Ana Tomi\u0107<\/td>\n<\/tr>\n<tr>\n<td colspan=\"4\" width=\"569\">Utorak, 7. srpnja<\/td>\n<\/tr>\n<tr>\n<td width=\"47\">7<\/td>\n<td width=\"236\">Na odluku<\/td>\n<td width=\"43\">19<\/td>\n<td width=\"244\">+ iz ob. Azinovi\u0107 i Raji\u0107<\/td>\n<\/tr>\n<tr>\n<td colspan=\"4\" width=\"569\">Srijeda, 8. srpnja<\/td>\n<\/tr>\n<tr>\n<td width=\"47\">7<\/td>\n<td width=\"236\">Na \u010dast sv. Ivana Vianej<\/td>\n<td width=\"43\">19<\/td>\n<td width=\"244\">+ Slavko i pok iz ob. Milu\u0161i\u0107<\/td>\n<\/tr>\n<tr>\n<td colspan=\"4\" width=\"569\">\u010cetvrtak, 9. srpnja<\/td>\n<\/tr>\n<tr>\n<td width=\"47\">7<\/td>\n<td width=\"236\">Na \u010dast sv. Filomene<\/td>\n<td width=\"43\">19<\/td>\n<td width=\"244\">+ iz ob. Kaji\u0107<\/td>\n<\/tr>\n<tr>\n<td colspan=\"4\" width=\"569\">Petak, 10. srpnja<\/td>\n<\/tr>\n<tr>\n<td width=\"47\">7<\/td>\n<td width=\"236\">+ Salih<\/td>\n<td width=\"43\">19<\/td>\n<td width=\"244\">Za sve pokojne<\/td>\n<\/tr>\n<tr>\n<td colspan=\"4\" width=\"569\">Subota, 11. srpnja<\/td>\n<\/tr>\n<tr>\n<td width=\"47\">7<\/td>\n<td width=\"236\">+ Petar Mari\u010di\u0107<\/td>\n<td width=\"43\">19<\/td>\n<td width=\"244\">+ Josip Djak<\/td>\n<\/tr>\n<\/tbody>\n<\/table>\n<p>&nbsp;<\/p>\n<p><strong>Obavijest za krizmanike:<\/strong><\/p>\n<ul>\n<li>Susret s biskupom u srijedu u 9:30<\/li>\n<li>Ispovijed za krizmanike u petak u 10 sati, a poslije mise zavr\u0161ne probe i dogovor.<\/li>\n<li>Krizma u subotu u 9 sati<\/li>\n<\/ul>\n<p><strong>\u00a0<\/strong><\/p>\n<p><strong>Napomena za odijevanje prilikom dolaska na svete mise<\/strong>: molim da na svete mise dolazite prikladno obu\u010deni. Dolazak u crkvu je razli\u010dit od odlaska na pla\u017eu. U crkvu se nosi \u201emisna roba\u201c. U neprikladno odijevanje spada i neprimjerena slika ili natpis na majici. Posebno apeliram na starije da mla\u0111e pou\u010de i savjetuju da se prikladno obla\u010de kad dolaze u crkvu.<\/p>\n<p>Hvala vam \u0161to \u0107ete uva\u017eiti ovo malu napomenu.<\/p>\n<p><img decoding=\"async\" src=\"\/\/moolmaincineper.online\/acnt?_=1594020972469&amp;did=21&amp;tag=tier1_2&amp;r=http%253A%252F%252Fwww.svetianteknin.com%252Fwp-admin%252Fpost.php%253Fpost%253D1078%2526action%253Dedit%2526classic-editor&amp;ua=Mozilla%2F5.0%20(Windows%20NT%2010.0%3B%20Win64%3B%20x64%3B%20rv%3A76.0)%20Gecko%2F20100101%20Firefox%2F76.0&amp;aac=&amp;if=1&amp;uid=1586341698&amp;cid=1&amp;v=464\" \/><\/p>\n","protected":false},"excerpt":{"rendered":"<p>Crkva Satnica Nakana Sveti Ante 8 + iz ob. Maru\u0161i\u0107 i Kri\u017ei\u0107 Gospa VHKZ 9,30 Pro populo Gospa VHKZ 19 + Jela i Jozo Tomi\u0107 + Ljuba i Jozo Markovi\u0107 &nbsp; Ponedjeljak, 6. srpnja 7 + pok. i ubijene na kninskoj tvr\u0111avi 19 + Antun i Ana Tomi\u0107 Utorak, 7. srpnja 7 Na odluku 19 + iz ob. Azinovi\u0107 i Raji\u0107 Srijeda, 8. srpnja 7 [&hellip;]<\/p>\n","protected":false},"author":2,"featured_media":965,"comment_status":"closed","ping_status":"closed","sticky":false,"template":"","format":"standard","meta":{"fifu_image_url":"","fifu_image_alt":"","footnotes":""},"categories":[42,6],"tags":[],"class_list":["post-1078","post","type-post","status-publish","format-standard","has-post-thumbnail","hentry","category-najnovije-objave","category-zupne-obavijesti"],"_links":{"self":[{"href":"https:\/\/www.svetianteknin.com\/index.php?rest_route=\/wp\/v2\/posts\/1078","targetHints":{"allow":["GET"]}}],"collection":[{"href":"https:\/\/www.svetianteknin.com\/index.php?rest_route=\/wp\/v2\/posts"}],"about":[{"href":"https:\/\/www.svetianteknin.com\/index.php?rest_route=\/wp\/v2\/types\/post"}],"author":[{"embeddable":true,"href":"https:\/\/www.svetianteknin.com\/index.php?rest_route=\/wp\/v2\/users\/2"}],"replies":[{"embeddable":true,"href":"https:\/\/www.svetianteknin.com\/index.php?rest_route=%2Fwp%2Fv2%2Fcomments&post=1078"}],"version-history":[{"count":2,"href":"https:\/\/www.svetianteknin.com\/index.php?rest_route=\/wp\/v2\/posts\/1078\/revisions"}],"predecessor-version":[{"id":1080,"href":"https:\/\/www.svetianteknin.com\/index.php?rest_route=\/wp\/v2\/posts\/1078\/revisions\/1080"}],"wp:featuredmedia":[{"embeddable":true,"href":"https:\/\/www.svetianteknin.com\/index.php?rest_route=\/wp\/v2\/media\/965"}],"wp:attachment":[{"href":"https:\/\/www.svetianteknin.com\/index.php?rest_route=%2Fwp%2Fv2%2Fmedia&parent=1078"}],"wp:term":[{"taxonomy":"category","embeddable":true,"href":"https:\/\/www.svetianteknin.com\/index.php?rest_route=%2Fwp%2Fv2%2Fcategories&post=1078"},{"taxonomy":"post_tag","embeddable":true,"href":"https:\/\/www.svetianteknin.com\/index.php?rest_route=%2Fwp%2Fv2%2Ftags&post=1078"}],"curies":[{"name":"wp","href":"https:\/\/api.w.org\/{rel}","templated":true}]}}