{"id":1009,"date":"2020-06-06T21:57:12","date_gmt":"2020-06-06T20:57:12","guid":{"rendered":"http:\/\/www.svetianteknin.com\/?p=1009"},"modified":"2020-07-22T14:01:13","modified_gmt":"2020-07-22T13:01:13","slug":"zupne-obavijesti-presv-trojstvo-7-lipnja-2020","status":"publish","type":"post","link":"https:\/\/www.svetianteknin.com\/?p=1009","title":{"rendered":"\u017dupne obavijesti: Presv. Trojstvo 7. lipnja 2020."},"content":{"rendered":"<table style=\"width: 78.6692%;\">\n<tbody>\n<tr>\n<td style=\"width: 97.9695%;\" colspan=\"4\" width=\"565\">Ponedjeljak, 8. lipnja \u2013 5-ti dan devetnice \u2013 propovijeda: Fra Filip \u010cogelja<\/td>\n<\/tr>\n<tr>\n<td style=\"width: 8.62944%;\" width=\"47\">7<\/td>\n<td style=\"width: 40.4399%;\" width=\"236\">+ Mladen i Kre\u0161imir Primorac<\/p>\n<p>+ Vesna Tadi\u0107 i Ankica Skoko<\/td>\n<td style=\"width: 7.1066%;\" width=\"38\">19<\/td>\n<td style=\"width: 41.7936%;\" width=\"244\">+ Nada i Mili<\/td>\n<\/tr>\n<tr>\n<td style=\"width: 97.9695%;\" colspan=\"4\" width=\"565\">Utorak, 9. lipnja \u2013 6-ti dan devetnice \u2013 propovijeda: Fra Slaven \u010ceko<\/td>\n<\/tr>\n<tr>\n<td style=\"width: 8.62944%;\" width=\"47\">7<\/td>\n<td style=\"width: 40.4399%;\" width=\"236\">+ Mara Brailo<\/td>\n<td style=\"width: 7.1066%;\" width=\"38\">19<\/td>\n<td style=\"width: 41.7936%;\" width=\"244\">+ iz ob. Dujmovi\u0107 i Ivo\u0161<\/td>\n<\/tr>\n<tr>\n<td style=\"width: 97.9695%;\" colspan=\"4\" width=\"565\">Srijeda, 10. lipnja \u2013 7-mi dan devetnice \u2013 propovijeda: Fra \u017deljko \u0160trbac<\/td>\n<\/tr>\n<tr>\n<td style=\"width: 8.62944%;\" width=\"47\">7<\/td>\n<td style=\"width: 40.4399%;\" width=\"236\">+ Vinko Mihaljevi\u0107<\/td>\n<td style=\"width: 7.1066%;\" width=\"38\">19<\/td>\n<td style=\"width: 41.7936%;\" width=\"244\">+ Dragutin i pok iz ob. Mijatovi\u0107<\/td>\n<\/tr>\n<tr>\n<td style=\"width: 97.9695%;\" colspan=\"4\" width=\"565\">\u010cetvrtak, 11. lipnja \u2013 8-mi dan Devetnice \u2013 <span style=\"color: #ff0000;\"><strong>TIJELOVO<\/strong><\/span> \u2013 8-mi dan devetnice<\/td>\n<\/tr>\n<tr>\n<td style=\"width: 8.62944%;\" width=\"47\">8<\/td>\n<td style=\"width: 40.4399%;\" width=\"236\">+ iz ob. Traj\u010di\u0107 i Brajkovi\u0107<\/td>\n<td style=\"width: 7.1066%;\" width=\"38\">19<\/td>\n<td style=\"width: 41.7936%;\" width=\"244\">+ Bla\u017e \u017durko<\/td>\n<\/tr>\n<tr>\n<td style=\"width: 8.62944%;\" width=\"47\">9:30<\/td>\n<td style=\"width: 40.4399%;\" width=\"236\">Pro populo<\/td>\n<td style=\"width: 7.1066%;\" width=\"38\"><\/td>\n<td style=\"width: 41.7936%;\" width=\"244\"><\/td>\n<\/tr>\n<tr>\n<td style=\"width: 97.9695%;\" colspan=\"4\" width=\"565\">Petak, 12. lipnja \u2013 9-ti dan devetnice<\/td>\n<\/tr>\n<tr>\n<td style=\"width: 8.62944%;\" width=\"47\">7<\/td>\n<td style=\"width: 40.4399%;\" width=\"236\">+ Karlo i Marija i pok iz ob. Retel<\/p>\n<p>i Titanj<\/td>\n<td style=\"width: 7.1066%;\" width=\"38\">19<\/td>\n<td style=\"width: 41.7936%;\" width=\"244\">+ iz ob. Kurevija i Maras<\/td>\n<\/tr>\n<tr>\n<td style=\"width: 97.9695%;\" colspan=\"4\" width=\"565\"><span style=\"color: #ff0000;\"><strong>Subota, 13. lipnja \u2013 Sv. Ante<\/strong><\/span><\/td>\n<\/tr>\n<tr>\n<td style=\"width: 8.62944%;\" width=\"47\">6<\/td>\n<td style=\"width: 40.4399%;\" width=\"236\">Na odluku<\/td>\n<td style=\"width: 7.1066%;\" width=\"38\">9:30<\/td>\n<td style=\"width: 41.7936%;\" width=\"244\">Pro populo<\/td>\n<\/tr>\n<tr>\n<td style=\"width: 8.62944%;\" width=\"47\">7<\/td>\n<td style=\"width: 40.4399%;\" width=\"236\">+ iz ob. \u0160amija<\/td>\n<td style=\"width: 7.1066%;\" width=\"38\">19<\/td>\n<td style=\"width: 41.7936%;\" width=\"244\">+ iz ob. \u0160imi\u0107<\/td>\n<\/tr>\n<tr>\n<td style=\"width: 8.62944%;\" width=\"47\">8<\/td>\n<td style=\"width: 40.4399%;\" width=\"236\"><\/td>\n<td style=\"width: 7.1066%;\" width=\"38\"><\/td>\n<td style=\"width: 41.7936%;\" width=\"244\"><\/td>\n<\/tr>\n<\/tbody>\n<\/table>\n<p>&nbsp;<\/p>\n<p><strong>\u017dupni ured:<\/strong> radi po potrebi<\/p>\n<p><strong>Vjeronauk:<\/strong> prvopri\u010desnici: utorak u 15 sati<\/p>\n<p><strong>Devetnica Sv. Anti: <\/strong>poslije ve\u010dernje mise<\/p>\n<p><span style=\"color: #ff0000;\"><strong>Tijelovo &#8211; \u010detvrtak:<\/strong><\/span> mise u 8 sati \u2013 Sv. Ante; 9:30 sati Gospina crkva + procesija s Presvetim; 19 sati \u2013 Gospina crkva<\/p>\n<p><span style=\"color: #ff0000;\"><strong>Proslava Sv. Ante<\/strong>:<\/span> U crkvi sv. Ante mise: 6, 7 i 8 sati. U 9:30 procesija iz sv. Ante do Gospine crkve, a zatim misa koju predvodi biskup \u0161ibenski mons. Tomislav Rogi\u0107. Ve\u010dernja misa, blagoslov djece i ljiljana je u 19 sati.<\/p>\n<p>Od slijede\u0107e nedjelje do nedjelje poslije proslave Na\u0161e Gospe u Biskupiji <strong>nema dje\u010dje mise u 11 sati<\/strong><\/p>\n<p>U slijede\u0107u nedjelju bit \u0107e predstavljanje knjige VIKTOR STEPINAC, poslije ve\u010dernje mise u 19 sati.<\/p>\n","protected":false},"excerpt":{"rendered":"<p>Ponedjeljak, 8. lipnja \u2013 5-ti dan devetnice \u2013 propovijeda: Fra Filip \u010cogelja 7 + Mladen i Kre\u0161imir Primorac + Vesna Tadi\u0107 i Ankica Skoko 19 + Nada i Mili Utorak, 9. lipnja \u2013 6-ti dan devetnice \u2013 propovijeda: Fra Slaven \u010ceko 7 + Mara Brailo 19 + iz ob. Dujmovi\u0107 i Ivo\u0161 Srijeda, 10. lipnja \u2013 7-mi dan devetnice \u2013 propovijeda: Fra \u017deljko \u0160trbac 7 [&hellip;]<\/p>\n","protected":false},"author":2,"featured_media":997,"comment_status":"closed","ping_status":"closed","sticky":false,"template":"","format":"standard","meta":{"fifu_image_url":"","fifu_image_alt":"","footnotes":""},"categories":[42,6],"tags":[],"class_list":["post-1009","post","type-post","status-publish","format-standard","has-post-thumbnail","hentry","category-najnovije-objave","category-zupne-obavijesti"],"_links":{"self":[{"href":"https:\/\/www.svetianteknin.com\/index.php?rest_route=\/wp\/v2\/posts\/1009","targetHints":{"allow":["GET"]}}],"collection":[{"href":"https:\/\/www.svetianteknin.com\/index.php?rest_route=\/wp\/v2\/posts"}],"about":[{"href":"https:\/\/www.svetianteknin.com\/index.php?rest_route=\/wp\/v2\/types\/post"}],"author":[{"embeddable":true,"href":"https:\/\/www.svetianteknin.com\/index.php?rest_route=\/wp\/v2\/users\/2"}],"replies":[{"embeddable":true,"href":"https:\/\/www.svetianteknin.com\/index.php?rest_route=%2Fwp%2Fv2%2Fcomments&post=1009"}],"version-history":[{"count":3,"href":"https:\/\/www.svetianteknin.com\/index.php?rest_route=\/wp\/v2\/posts\/1009\/revisions"}],"predecessor-version":[{"id":1012,"href":"https:\/\/www.svetianteknin.com\/index.php?rest_route=\/wp\/v2\/posts\/1009\/revisions\/1012"}],"wp:featuredmedia":[{"embeddable":true,"href":"https:\/\/www.svetianteknin.com\/index.php?rest_route=\/wp\/v2\/media\/997"}],"wp:attachment":[{"href":"https:\/\/www.svetianteknin.com\/index.php?rest_route=%2Fwp%2Fv2%2Fmedia&parent=1009"}],"wp:term":[{"taxonomy":"category","embeddable":true,"href":"https:\/\/www.svetianteknin.com\/index.php?rest_route=%2Fwp%2Fv2%2Fcategories&post=1009"},{"taxonomy":"post_tag","embeddable":true,"href":"https:\/\/www.svetianteknin.com\/index.php?rest_route=%2Fwp%2Fv2%2Ftags&post=1009"}],"curies":[{"name":"wp","href":"https:\/\/api.w.org\/{rel}","templated":true}]}}